{"id":3651,"date":"2015-12-11T17:34:39","date_gmt":"2015-12-11T16:34:39","guid":{"rendered":"http:\/\/blogs.diariosur.es\/-que-le-compro-\/?p=3651"},"modified":"2015-12-11T17:34:39","modified_gmt":"2015-12-11T16:34:39","slug":"compras-navidad-mercadillos-malaga","status":"publish","type":"post","link":"https:\/\/blogs.diariosur.es\/-que-le-compro-\/2015\/12\/11\/compras-navidad-mercadillos-malaga\/","title":{"rendered":"Compras navide\u00f1as y solidarias en la agenda de mercadillos"},"content":{"rendered":"<p>S\u00ed, el puente de la Constituci\u00f3n dej\u00f3 el list\u00f3n muy alto, pero no os preocup\u00e9is, que este fin de semana vamos a tener una amplia agenda de mercadillos artesanales para elegir en M\u00e1laga, aunque parezca dif\u00edcil. Y muchas de ellas adem\u00e1s, con un car\u00e1cter solidario. Empieza el repaso:<\/p>\n<p>Para el s\u00e1bado, las chicas de<strong>\u00a0La habitaci\u00f3n de Kate\u00a0<\/strong>(a\u00fan siguen sin tienda f\u00edsica pero os recuerdo que contin\u00faan con la online) vuelven a la carga con un showroom en el Se\u00f1or Lobo Caf\u00e9, en pleno coraz\u00f3n del Soho, de la capital (calle Somera). Ser\u00e1 una edici\u00f3n extra de Navidad, donde podr\u00e9is encontrar prendas de distintas marcas y complementos de 12 a 15 horas.<\/p>\n<p><a href=\"\/-que-le-compro-\/wp-content\/uploads\/sites\/19\/2015\/12\/agenda-kate.jpg\"><img loading=\"lazy\" class=\"aligncenter size-full wp-image-3652\" title=\"Showroom navide\u00f1o de La habitaci\u00f3n de Kate, 12 de diciembre\" src=\"\/-que-le-compro-\/wp-content\/uploads\/sites\/19\/2015\/12\/agenda-kate.jpg\" alt=\"Showroom navide\u00f1o de La habitaci\u00f3n de Kate, 12 de diciembre\" width=\"540\" height=\"774\" srcset=\"https:\/\/static-blogs.diariosur.es\/wp-content\/uploads\/sites\/19\/2015\/12\/agenda-kate.jpg 540w, https:\/\/static-blogs.diariosur.es\/wp-content\/uploads\/sites\/19\/2015\/12\/agenda-kate-209x300.jpg 209w\" sizes=\"(max-width: 540px) 100vw, 540px\" \/><\/a><\/p>\n<p>Algo m\u00e1s pronto comenzar\u00e1 <strong>La Cala Market<\/strong>, que este s\u00e1bado estrena ubicaci\u00f3n ya que pasa a celebrarse a la plaza Gloria Fuertes, en La Cala del Moral. All\u00ed habr\u00e1 art\u00edculos de v<span style=\"color: #000040;\">intage, ilustraci\u00f3n, artesan\u00eda, moda para ni\u00f1os y mayores, complementos, dise\u00f1o, decoraci\u00f3n,\u00a0reposter\u00eda, gourmet y mucho m\u00e1s. Adem\u00e1s, la asociaci\u00f3n Galgos y Podencos contar\u00e1 con un stand en el que se podr\u00e1 comprar su<\/span><span style=\"color: #000040;\">\u00a0calendario solidario as\u00ed como con una recogida de alimentos no perecederos y juguetes. Y para completar, pintacaras con Cristina San Juan y taller de bisuter\u00eda a cargo de Magic Soutache.<\/span><\/p>\n<p>Paralelamente, de 12 a 20 horas en el centro CEPER (calle V\u00edctor Hugo 5, Puerto de la Torre) tambi\u00e9n podr\u00e9is encontrar obsequios originales y adem\u00e1s colaborar con una buena causa en su <strong>II mercadillo artesanal navide\u00f1o<\/strong>. La cita reunir\u00e1 a distintos creadores exhibir\u00e1n sus trabajos entre las manualidades de distinto tipo realizadas por los alumnos que podr\u00e1n adquirirse. Moda, complementos, cosm\u00e9tica&#8230;. y mucho m\u00e1s. La entrada es gratuita.<\/p>\n<p><a href=\"\/-que-le-compro-\/wp-content\/uploads\/sites\/19\/2015\/12\/agenda-ceper.jpg\"><img loading=\"lazy\" class=\"aligncenter size-full wp-image-3653\" title=\"II mercadillo artesanal navide\u00f1o en Ceper\" src=\"\/-que-le-compro-\/wp-content\/uploads\/sites\/19\/2015\/12\/agenda-ceper.jpg\" alt=\"II mercadillo artesanal navide\u00f1o en Ceper\" width=\"540\" height=\"778\" srcset=\"https:\/\/static-blogs.diariosur.es\/wp-content\/uploads\/sites\/19\/2015\/12\/agenda-ceper.jpg 540w, https:\/\/static-blogs.diariosur.es\/wp-content\/uploads\/sites\/19\/2015\/12\/agenda-ceper-208x300.jpg 208w\" sizes=\"(max-width: 540px) 100vw, 540px\" \/><\/a><\/p>\n<p>&nbsp;<\/p>\n<p>Otra gran cita solidaria de este fin de semana es la de calle Alcazabilla este s\u00e1bado, que acoger\u00e1 una nueva edici\u00f3n del <strong>mercadillo Todos unidos contra el c\u00e1ncer.<\/strong>\u00a0 Arrancar\u00e1 a las 12 de la ma\u00f1ana, y entre los puestos que se instalar\u00e1n en esta c\u00e9ntrica calle de la capital\u00a0se podr\u00e1n adquirir productos diversos, entre los que habr\u00e1 manualidades realizadas por los propios pacientes y voluntarios, as\u00ed como art\u00edculos donados por varias empresas: vinos, surtidos navide\u00f1os de mantecados y polvorones, bisuter\u00eda, ropa de segunda mano y objetos para ni\u00f1os. Tambi\u00e9n habr\u00e1 actividades para entretener a los m\u00e1s peque\u00f1os y una chocolatada. Hasta las 20 horas.<\/p>\n<p>&nbsp;<\/p>\n<p>Y el <span style=\"text-decoration: underline;\">domingo 1<\/span>3, m\u00e1s citas en la agenda. Hay que apuntar, por un lado, el <strong>Zoco navide\u00f1o de Muelle Uno<\/strong> de 11 a 18 horas y, por otro, otra propuesta en el remodelado <strong>Mercado de la Merced<\/strong>. All\u00ed, desde las 12 de la ma\u00f1ana podr\u00e1 disfrutarse de un showroom que pinta muy bien y que unir\u00e1 a varias marcas &#8216;made in M\u00e1laga&#8217; como son\u00a0<strong>Maltessa, Love &#038; soft, Nana Blanc, Diamant Blue, Bestie County, Time of watches Eme Ele y Momoshop.\u00a0<\/strong><\/p>\n<p><a href=\"\/-que-le-compro-\/wp-content\/uploads\/sites\/19\/2015\/12\/agenda-popup.jpg\"><img loading=\"lazy\" class=\"aligncenter size-full wp-image-3654\" title=\"Pop up navide\u00f1o en el mercado de la Merced, domingo 13 de diciembre\" src=\"\/-que-le-compro-\/wp-content\/uploads\/sites\/19\/2015\/12\/agenda-popup.jpg\" alt=\"Pop up navide\u00f1o en el mercado de la Merced, domingo 13 de diciembre\" width=\"540\" height=\"353\" srcset=\"https:\/\/static-blogs.diariosur.es\/wp-content\/uploads\/sites\/19\/2015\/12\/agenda-popup.jpg 540w, https:\/\/static-blogs.diariosur.es\/wp-content\/uploads\/sites\/19\/2015\/12\/agenda-popup-300x196.jpg 300w\" sizes=\"(max-width: 540px) 100vw, 540px\" \/><\/a><\/p>\n<p>&nbsp;<\/p>\n<p>As\u00ed que ya v\u00e9is que este fin de semana contamos con una amplia variedad para buscar regalos originales y a la vez apoyar la artesan\u00eda local. Todo esto sin olvidar por supuesto el tradicional mercado navide\u00f1o en el Paseo del Parque, como todos los a\u00f1os. \u00a1Buen fin de semana!<\/p>\n","protected":false},"excerpt":{"rendered":"<p>S\u00ed, el puente de la Constituci\u00f3n dej\u00f3 el list\u00f3n muy alto, pero no os preocup\u00e9is, que este fin de semana vamos a tener una amplia agenda de mercadillos artesanales para elegir en M\u00e1laga, aunque parezca dif\u00edcil. Y muchas de ellas adem\u00e1s, con un car\u00e1cter solidario. Empieza el repaso: Para el s\u00e1bado, las chicas de\u00a0La habitaci\u00f3n [&hellip;]<\/p>\n","protected":false},"author":24,"featured_media":0,"comment_status":"open","ping_status":"open","sticky":false,"template":"","format":"standard","meta":[],"categories":[4,6,7],"tags":[425,827,1112,1878,1999,2071,2376,2613,2982,3346,3754],"_links":{"self":[{"href":"https:\/\/blogs.diariosur.es\/-que-le-compro-\/wp-json\/wp\/v2\/posts\/3651"}],"collection":[{"href":"https:\/\/blogs.diariosur.es\/-que-le-compro-\/wp-json\/wp\/v2\/posts"}],"about":[{"href":"https:\/\/blogs.diariosur.es\/-que-le-compro-\/wp-json\/wp\/v2\/types\/post"}],"author":[{"embeddable":true,"href":"https:\/\/blogs.diariosur.es\/-que-le-compro-\/wp-json\/wp\/v2\/users\/24"}],"replies":[{"embeddable":true,"href":"https:\/\/blogs.diariosur.es\/-que-le-compro-\/wp-json\/wp\/v2\/comments?post=3651"}],"version-history":[{"count":0,"href":"https:\/\/blogs.diariosur.es\/-que-le-compro-\/wp-json\/wp\/v2\/posts\/3651\/revisions"}],"wp:attachment":[{"href":"https:\/\/blogs.diariosur.es\/-que-le-compro-\/wp-json\/wp\/v2\/media?parent=3651"}],"wp:term":[{"taxonomy":"category","embeddable":true,"href":"https:\/\/blogs.diariosur.es\/-que-le-compro-\/wp-json\/wp\/v2\/categories?post=3651"},{"taxonomy":"post_tag","embeddable":true,"href":"https:\/\/blogs.diariosur.es\/-que-le-compro-\/wp-json\/wp\/v2\/tags?post=3651"}],"curies":[{"name":"wp","href":"https:\/\/api.w.org\/{rel}","templated":true}]}}