{"id":3655,"date":"2015-12-16T22:05:55","date_gmt":"2015-12-16T21:05:55","guid":{"rendered":"http:\/\/blogs.diariosur.es\/-que-le-compro-\/?p=3655"},"modified":"2015-12-16T22:05:55","modified_gmt":"2015-12-16T21:05:55","slug":"empresas-coop-store-plaza-mayor","status":"publish","type":"post","link":"https:\/\/blogs.diariosur.es\/-que-le-compro-\/2015\/12\/16\/empresas-coop-store-plaza-mayor\/","title":{"rendered":"Plaza Mayor estrena coop store con cuatro empresas"},"content":{"rendered":"<p>\u00bfSab\u00e9is lo que es una coop store? Posiblemente muchos nunca hay\u00e1is o\u00eddo este t\u00e9rmino, pero es un proyecto bastante interesante. Y desde hace unos d\u00edas puede visitarse un ejemplo en M\u00e1laga, concretamente en el centro comercial y de ocio <strong>Plaza Mayor<\/strong>. Esta iniciativa permite que emprendedores compartan espacio para dar a conocer sus trabajos. As\u00ed que ocupan el mismo local pero cada uno tiene su lugar, por lo que se puede encontrar dentro de un mismo sitio distintos ambientes que \u00a0funcionan como minitiendas.<\/p>\n<p>Hasta el pr\u00f3ximo 21 de diciembre \u00a0podr\u00e1n verse los trabajos de Maltessa Eyewear, MundoPapel, Rasgo Studio y La Muebler\u00eda de Beth, que adem\u00e1s <span style=\"text-decoration: underline;\">ceder\u00e1n el 5% de sus ventas a Bancosol<\/span> (posteriormente los relevar\u00e1n otras cuatro compa\u00f1\u00edas, que permanecer\u00e1n hasta el 5 de enero).<\/p>\n<p>Estas son las cuatro primeras firmas:<\/p>\n<p><strong><a href=\"http:\/\/www.maltessa.es\" rel=\"external nofollow\">Maltessa Eyewar<\/a>.<\/strong>\u00a0\u00a0Creadores de sus propios dise\u00f1os de gafas de sol. En estos d\u00edas presentan su primera colecci\u00f3n de relojes de pulsera. La empresa la dirige Sergio Fuentes, un joven malague\u00f1o de 32 a\u00f1os.<br \/>\n<strong><a href=\"http:\/\/www.mundopapel.es\" rel=\"external nofollow\">Mundopapel<\/a>.\u00a0<\/strong> Empresa de distribuci\u00f3n de papeler\u00eda, regalos y material de oficina. Tatiana Flores est\u00e1 al frente de este proyecto en expansi\u00f3n que ya cuenta con un primer plan de internacionalizaci\u00f3n.<br \/>\n<strong><a href=\"http:\/\/www.rasgostudio.com\" rel=\"external nofollow\">Rasgo Studio<\/a>.\u00a0<\/strong>Estudio de fotograf\u00eda, imagen, dise\u00f1o gr\u00e1fico, etc.\u00a0 liderado por Roberto L\u00f3pez.<br \/>\n<strong><a href=\"http:\/\/www.lamuebleriadebeth.es\" rel=\"external nofollow\">La muebler\u00eda de Beth <\/a>.\u00a0<\/strong> Decoraci\u00f3n, home staging, rehabilitaci\u00f3n de muebles antiguos y con desperfecto.<\/p>\n<p>El concejal de Innovaci\u00f3n y Nuevas Tecnolog\u00edas, Mario Cort\u00e9s, y la concejala para la Reactivaci\u00f3n Econ\u00f3mica, Promoci\u00f3n Empresarial y Fomento del Empleo, Mar\u00eda del Mar Mart\u00edn, han visitado a las empresas que participan en el proyecto, que ha surgido de la colaboraci\u00f3n de Prom\u00e1laga y Sonae Sierra, y que est\u00e1n instaladas en un local en una de las zonas m\u00e1s transitadas del centro comercial Plaza Mayor.<\/p>\n<div id=\"attachment_3658\" style=\"width: 550px\" class=\"wp-caption aligncenter\"><a href=\"\/-que-le-compro-\/wp-content\/uploads\/sites\/19\/2015\/12\/store-plaza-mayor1.jpg\"><img aria-describedby=\"caption-attachment-3658\" loading=\"lazy\" class=\"size-full wp-image-3658\" title=\"Visita a la coop store de Plaza Mayor\" src=\"\/-que-le-compro-\/wp-content\/uploads\/sites\/19\/2015\/12\/store-plaza-mayor1.jpg\" alt=\"Visita a la coop store de Plaza Mayor\" width=\"540\" height=\"305\" srcset=\"https:\/\/static-blogs.diariosur.es\/wp-content\/uploads\/sites\/19\/2015\/12\/store-plaza-mayor1.jpg 540w, https:\/\/static-blogs.diariosur.es\/wp-content\/uploads\/sites\/19\/2015\/12\/store-plaza-mayor1-300x169.jpg 300w\" sizes=\"(max-width: 540px) 100vw, 540px\" \/><\/a><p id=\"caption-attachment-3658\" class=\"wp-caption-text\">Visita a la coop store de Plaza Mayor<\/p><\/div>\n<p>&nbsp;<\/p>\n","protected":false},"excerpt":{"rendered":"<p>\u00bfSab\u00e9is lo que es una coop store? Posiblemente muchos nunca hay\u00e1is o\u00eddo este t\u00e9rmino, pero es un proyecto bastante interesante. Y desde hace unos d\u00edas puede visitarse un ejemplo en M\u00e1laga, concretamente en el centro comercial y de ocio Plaza Mayor. Esta iniciativa permite que emprendedores compartan espacio para dar a conocer sus trabajos. As\u00ed [&hellip;]<\/p>\n","protected":false},"author":24,"featured_media":0,"comment_status":"open","ping_status":"open","sticky":false,"template":"","format":"standard","meta":[],"categories":[2,6,7],"tags":[912,1893,2072,2594,2967,3103,3667],"_links":{"self":[{"href":"https:\/\/blogs.diariosur.es\/-que-le-compro-\/wp-json\/wp\/v2\/posts\/3655"}],"collection":[{"href":"https:\/\/blogs.diariosur.es\/-que-le-compro-\/wp-json\/wp\/v2\/posts"}],"about":[{"href":"https:\/\/blogs.diariosur.es\/-que-le-compro-\/wp-json\/wp\/v2\/types\/post"}],"author":[{"embeddable":true,"href":"https:\/\/blogs.diariosur.es\/-que-le-compro-\/wp-json\/wp\/v2\/users\/24"}],"replies":[{"embeddable":true,"href":"https:\/\/blogs.diariosur.es\/-que-le-compro-\/wp-json\/wp\/v2\/comments?post=3655"}],"version-history":[{"count":0,"href":"https:\/\/blogs.diariosur.es\/-que-le-compro-\/wp-json\/wp\/v2\/posts\/3655\/revisions"}],"wp:attachment":[{"href":"https:\/\/blogs.diariosur.es\/-que-le-compro-\/wp-json\/wp\/v2\/media?parent=3655"}],"wp:term":[{"taxonomy":"category","embeddable":true,"href":"https:\/\/blogs.diariosur.es\/-que-le-compro-\/wp-json\/wp\/v2\/categories?post=3655"},{"taxonomy":"post_tag","embeddable":true,"href":"https:\/\/blogs.diariosur.es\/-que-le-compro-\/wp-json\/wp\/v2\/tags?post=3655"}],"curies":[{"name":"wp","href":"https:\/\/api.w.org\/{rel}","templated":true}]}}