{"id":3660,"date":"2015-12-17T18:16:50","date_gmt":"2015-12-17T17:16:50","guid":{"rendered":"http:\/\/blogs.diariosur.es\/-que-le-compro-\/?p=3660"},"modified":"2015-12-17T18:16:50","modified_gmt":"2015-12-17T17:16:50","slug":"mercados-navidad-malaga-diciembre","status":"publish","type":"post","link":"https:\/\/blogs.diariosur.es\/-que-le-compro-\/2015\/12\/17\/mercados-navidad-malaga-diciembre\/","title":{"rendered":"Mercado medieval en Co\u00edn y otras citas del fin de semana"},"content":{"rendered":"<p>\u00bfPensando en ir de compras este fin de semana? Pues si quer\u00e9is encontrar obsequios originales para las pr\u00f3ximas Navidad y apoyar la artesan\u00eda &#8216;made in M\u00e1laga&#8217; que sep\u00e1is que en estos d\u00edas vais a poder tener unas cuantas opciones.<br \/>\nLa agenda de propuestas comienza ya este jueves en <strong>Co\u00edn<\/strong>, que celebra un mercadillo medieval hasta el domingo en la plaza de la Alameda, al que el s\u00e1bado 19 se unir\u00e1 el mercadillo de las organizaciones sin \u00e1nimo de lucro de Co\u00edn.<\/p>\n<p><a href=\"\/-que-le-compro-\/wp-content\/uploads\/sites\/19\/2015\/12\/agenda-coin.jpg\"><img loading=\"lazy\" class=\"aligncenter size-full wp-image-3661\" title=\"Mercado medieval en Co\u00edn, 17-20 de diciembre\" src=\"\/-que-le-compro-\/wp-content\/uploads\/sites\/19\/2015\/12\/agenda-coin.jpg\" alt=\"Mercado medieval en Co\u00edn, 17-20 de diciembre\" width=\"540\" height=\"762\" srcset=\"https:\/\/static-blogs.diariosur.es\/wp-content\/uploads\/sites\/19\/2015\/12\/agenda-coin.jpg 540w, https:\/\/static-blogs.diariosur.es\/wp-content\/uploads\/sites\/19\/2015\/12\/agenda-coin-213x300.jpg 213w\" sizes=\"(max-width: 540px) 100vw, 540px\" \/><\/a><\/p>\n<p>Adem\u00e1s, el s\u00e1bado arrancar\u00e1 una edici\u00f3n especial de la muestra artesanal en <strong>La Casa Invisible<\/strong>, que se celebrar\u00e1 de 11 a 18 igual que el domingo 20 y el mi\u00e9rcoles 23. Bisuter\u00eda, complementos de todo tipo, decoraci\u00f3n y regalos curiosos hechos a mano son los protagonistas de esta iniciativa.<\/p>\n<p><a href=\"\/-que-le-compro-\/wp-content\/uploads\/sites\/19\/2015\/12\/agenda-invisibles.jpg\"><img loading=\"lazy\" class=\"aligncenter size-full wp-image-3662\" title=\"Mercado navide\u00f1o en La Invisible 19, 20 y 23 de diciembre\" src=\"\/-que-le-compro-\/wp-content\/uploads\/sites\/19\/2015\/12\/agenda-invisibles.jpg\" alt=\"Mercado navide\u00f1o en La Invisible 19, 20 y 23 de diciembre\" width=\"540\" height=\"746\" srcset=\"https:\/\/static-blogs.diariosur.es\/wp-content\/uploads\/sites\/19\/2015\/12\/agenda-invisibles.jpg 540w, https:\/\/static-blogs.diariosur.es\/wp-content\/uploads\/sites\/19\/2015\/12\/agenda-invisibles-217x300.jpg 217w\" sizes=\"(max-width: 540px) 100vw, 540px\" \/><\/a><\/p>\n<p>El d\u00eda 19 tambi\u00e9n, otra cita en el Centro: concretamente en la calle Ram\u00f3n Franquelo n\u00famero 8, junto al museo Juan Breva. El bar <strong>Jarambel<\/strong> organiza un mercadillo de navidad en el que anuncian que se podr\u00e1 encontrar gran variedad de detalles con los que sorprender. Ser\u00e1 de 13.30 a 20.30 y adem\u00e1s de poder hacer compras se podr\u00e1n degustar paella y migas.<br \/>\n<a href=\"\/-que-le-compro-\/wp-content\/uploads\/sites\/19\/2015\/12\/agenda-mercadillo-jarambel.jpg\"><img loading=\"lazy\" class=\"aligncenter size-full wp-image-3663\" title=\"Mercadillo navide\u00f1o en el bar Jarambel\" src=\"\/-que-le-compro-\/wp-content\/uploads\/sites\/19\/2015\/12\/agenda-mercadillo-jarambel.jpg\" alt=\"Mercadillo navide\u00f1o en el bar Jarambel\" width=\"540\" height=\"767\" srcset=\"https:\/\/static-blogs.diariosur.es\/wp-content\/uploads\/sites\/19\/2015\/12\/agenda-mercadillo-jarambel.jpg 540w, https:\/\/static-blogs.diariosur.es\/wp-content\/uploads\/sites\/19\/2015\/12\/agenda-mercadillo-jarambel-211x300.jpg 211w\" sizes=\"(max-width: 540px) 100vw, 540px\" \/><\/a><\/p>\n<p>Y en la zona de Cruz del Humilladero, tambi\u00e9n en la capital, los comerciantes organizan su <strong>II Outlet Navide\u00f1o<\/strong>, con art\u00edculos de todo tipo con interesantes descuentos de 10 a 21 horas. En las calles Alfambra, Antonio Martelo y Alberche. Adem\u00e1s, habr\u00e1 una edici\u00f3n extra del Zoco de Muelle Uno de 11 a 19 horas. <\/p>\n<p>Para el domingo, de 11 a 18 horas, <strong>mercadillo artesanal en El Palo<\/strong>, en la calle Quitapenas, con moda para toda la familia, accesorios, complementos&#8230; y el mismo horario tendr\u00e1 el <strong>Zoco de Muelle Uno<\/strong> mientras que cerca de all\u00ed, en La Malagueta, la Navidad inundar\u00e1 los expositores del <strong>Malagueta 4 Market<\/strong>, de 11 a 18 horas.<\/p>\n<p>\u00a1Buen fin de semana!<\/p>\n","protected":false},"excerpt":{"rendered":"<p>\u00bfPensando en ir de compras este fin de semana? Pues si quer\u00e9is encontrar obsequios originales para las pr\u00f3ximas Navidad y apoyar la artesan\u00eda &#8216;made in M\u00e1laga&#8217; que sep\u00e1is que en estos d\u00edas vais a poder tener unas cuantas opciones. La agenda de propuestas comienza ya este jueves en Co\u00edn, que celebra un mercadillo medieval hasta [&hellip;]<\/p>\n","protected":false},"author":24,"featured_media":0,"comment_status":"open","ping_status":"open","sticky":false,"template":"","format":"standard","meta":[],"categories":[4,6],"tags":[264,372,1858,2171,2345,2431,2771],"_links":{"self":[{"href":"https:\/\/blogs.diariosur.es\/-que-le-compro-\/wp-json\/wp\/v2\/posts\/3660"}],"collection":[{"href":"https:\/\/blogs.diariosur.es\/-que-le-compro-\/wp-json\/wp\/v2\/posts"}],"about":[{"href":"https:\/\/blogs.diariosur.es\/-que-le-compro-\/wp-json\/wp\/v2\/types\/post"}],"author":[{"embeddable":true,"href":"https:\/\/blogs.diariosur.es\/-que-le-compro-\/wp-json\/wp\/v2\/users\/24"}],"replies":[{"embeddable":true,"href":"https:\/\/blogs.diariosur.es\/-que-le-compro-\/wp-json\/wp\/v2\/comments?post=3660"}],"version-history":[{"count":0,"href":"https:\/\/blogs.diariosur.es\/-que-le-compro-\/wp-json\/wp\/v2\/posts\/3660\/revisions"}],"wp:attachment":[{"href":"https:\/\/blogs.diariosur.es\/-que-le-compro-\/wp-json\/wp\/v2\/media?parent=3660"}],"wp:term":[{"taxonomy":"category","embeddable":true,"href":"https:\/\/blogs.diariosur.es\/-que-le-compro-\/wp-json\/wp\/v2\/categories?post=3660"},{"taxonomy":"post_tag","embeddable":true,"href":"https:\/\/blogs.diariosur.es\/-que-le-compro-\/wp-json\/wp\/v2\/tags?post=3660"}],"curies":[{"name":"wp","href":"https:\/\/api.w.org\/{rel}","templated":true}]}}