{"id":3665,"date":"2015-12-24T00:31:57","date_gmt":"2015-12-23T23:31:57","guid":{"rendered":"http:\/\/blogs.diariosur.es\/-que-le-compro-\/?p=3665"},"modified":"2015-12-24T00:31:57","modified_gmt":"2015-12-23T23:31:57","slug":"agenda-mercadillos-navidad-malaga","status":"publish","type":"post","link":"https:\/\/blogs.diariosur.es\/-que-le-compro-\/2015\/12\/24\/agenda-mercadillos-navidad-malaga\/","title":{"rendered":"Agenda de mercadillos de Navidad"},"content":{"rendered":"<p>Llega Pap\u00e1 No\u00e9l, los Reyes, los amigos invisibles&#8230; En estas fechas hay multitud de ocasiones en las que tenemos que hacer regalos. Pues que sep\u00e1is que tambi\u00e9n en estos d\u00edas en M\u00e1laga vamos a poder disfrutar de una amplia agenda de propuestas para encontrar regalos originales, hechos a mano y con los que apoyar la creatividad local, porque hay varios mercadillos para elegir.<\/p>\n<p><a href=\"\/-que-le-compro-\/wp-content\/uploads\/sites\/19\/2015\/12\/agenda-galletas.jpg\"><img loading=\"lazy\" class=\"aligncenter size-full wp-image-3666\" title=\"Galletas navide\u00f1as en Made in Soho\" src=\"\/-que-le-compro-\/wp-content\/uploads\/sites\/19\/2015\/12\/agenda-galletas.jpg\" alt=\"Galletas navide\u00f1as en Made in Soho\" width=\"540\" height=\"409\" srcset=\"https:\/\/static-blogs.diariosur.es\/wp-content\/uploads\/sites\/19\/2015\/12\/agenda-galletas.jpg 540w, https:\/\/static-blogs.diariosur.es\/wp-content\/uploads\/sites\/19\/2015\/12\/agenda-galletas-300x227.jpg 300w\" sizes=\"(max-width: 540px) 100vw, 540px\" \/><\/a><\/p>\n<p>Entre las pr\u00f3ximas citas, destacan el <strong>Made in Soho\u00a0<\/strong>(calle Tom\u00e1s Heredia, en M\u00e1laga capital) que podr\u00e1 visitarse el s\u00e1bado 26, de 11 a 19 horas; el s\u00e1bado 2, de 11 a 22, y el lunes 4, de 11 a 22. Adem\u00e1s de compras, habr\u00e1 pintacaras infantil de la mano de Cristina San Juan; el cartero real, que estar\u00e1 el s\u00e1bado 26 de 12 a 15 horas. Tambi\u00e9n ese d\u00eda, as\u00ed como el 2 y el 4 de enero, exhibiciones y clases gratuitas de baile con La Llave del Tango. Y para completar, se podr\u00e1 colaborar con asociaciones como Galgos en Familia, Mercader o la escritora Esperanza Arcos con su libro &#8220;Mientras Sue\u00f1as&#8221; cuya recaudaci\u00f3n va \u00edntegra a la Fundaci\u00f3n Luis Olivares.<\/p>\n<p><a href=\"\/-que-le-compro-\/wp-content\/uploads\/sites\/19\/2015\/12\/agenda-invisible.jpg\"><img loading=\"lazy\" class=\"aligncenter size-full wp-image-3668\" title=\"Muestras navide\u00f1as en La Casa Invisible\" src=\"\/-que-le-compro-\/wp-content\/uploads\/sites\/19\/2015\/12\/agenda-invisible.jpg\" alt=\"Muestras navide\u00f1as en La Casa Invisible\" width=\"540\" height=\"206\" srcset=\"https:\/\/static-blogs.diariosur.es\/wp-content\/uploads\/sites\/19\/2015\/12\/agenda-invisible.jpg 540w, https:\/\/static-blogs.diariosur.es\/wp-content\/uploads\/sites\/19\/2015\/12\/agenda-invisible-300x114.jpg 300w\" sizes=\"(max-width: 540px) 100vw, 540px\" \/><\/a><\/p>\n<p>&nbsp;<\/p>\n<p>Adem\u00e1s, en <strong>La Casa Invisible<\/strong> los creadores mostrar\u00e1n al p\u00fablico sus trabajos los d\u00edas 2, 3, 4 y 5 de enero, en horario de 12 a 19 horas. Ya sab\u00e9is que la entrada es gratuita y se accede por la calle Andr\u00e9s P\u00e9rez 8.<\/p>\n<p>Este domingo, d\u00eda 27, hay cita de nuevo con el <strong>Malagueta 4 Market<\/strong>, que estar\u00e1 en el Paseo Mar\u00edtimo Ciudad de Melilla, entre Antonio Mart\u00edn y el Real Club Mediterr\u00e1neo, de 11 a 18 horas. Si no pod\u00e9is ir, tranquilos que \u00a0repetir\u00e1n edici\u00f3n el 5 de enero.<\/p>\n<p><a href=\"\/-que-le-compro-\/wp-content\/uploads\/sites\/19\/2015\/12\/agenda-kimonos.jpg\"><img loading=\"lazy\" class=\"aligncenter size-full wp-image-3667\" title=\"Moda en Malagueta 4 Market\" src=\"\/-que-le-compro-\/wp-content\/uploads\/sites\/19\/2015\/12\/agenda-kimonos.jpg\" alt=\"Moda en Malagueta 4 Market\" width=\"540\" height=\"312\" srcset=\"https:\/\/static-blogs.diariosur.es\/wp-content\/uploads\/sites\/19\/2015\/12\/agenda-kimonos.jpg 540w, https:\/\/static-blogs.diariosur.es\/wp-content\/uploads\/sites\/19\/2015\/12\/agenda-kimonos-300x173.jpg 300w\" sizes=\"(max-width: 540px) 100vw, 540px\" \/><\/a><\/p>\n<p>En <strong>Muelle Uno<\/strong>, Zoco y Peque\u00f1o Mercado tambi\u00e9n el domingo de 11 a 18 horas y en el Centro la artesan\u00eda llegar\u00e1 con <strong>La Plaza Merced Market<\/strong>, de 11 a 18 horas con mucha moda, complementos, decoraci\u00f3n&#8230;. A esto se une el <strong>Pop Up de Reyes que se celebrar\u00e1 en el Mercado de la Merced<\/strong> de 12 a 17 horas y en el que se podr\u00e1 encontrar, entre otras, a las firmas malague\u00f1as\u00a0Eme Ele, Momo Shop, time of Watches, Maltessa Eyewear y Bestie County.<\/p>\n<p>Y para rematar, <strong>La Temporal<\/strong> (calle Bolsa 3, 1\u00ba-2) vuelve con una pop up de 12 a 21 horas del s\u00e1bado 2 al lunes 4 de enero, con un buen n\u00famero de dise\u00f1adores malague\u00f1os otra vez. Adem\u00e1s, el lunes 4 el <strong>Caf\u00e9 de Bolsa del hotel Molina Lario<\/strong> (calle Molina Lario 20-22) acoger\u00e1 un mercadillo navide\u00f1o de 12.30 a 22.30 horas en el que participar\u00e1n <strong>Ruka, Aica, Maltessa eyewear, Petit Orange, Bootme y Adaluc complementos. <\/strong>Y ojo que del 3 al 5 de enero (de domingo a martes) habr\u00e1 <strong>mercadillo navide\u00f1o en Galer\u00edas Goya<\/strong> (calle Calderer\u00eda), tambi\u00e9n en el Centro de la capital.<\/p>\n<p>Adem\u00e1s, ya sab\u00e9is que todos los d\u00edas y durante pr\u00e1cticamente todo el d\u00eda en el\u00a0<strong>Paseo del Parque<\/strong>\u00a0de la capital contin\u00faa el mercadillo navide\u00f1o un a\u00f1o m\u00e1s.<\/p>\n<p>As\u00ed que en estos d\u00edas como v\u00e9is vamos a poder disfrutar de una amplia propuesta de citas para comprar regalos originales y &#8216;made in M\u00e1laga&#8217;. \u00a1Feliz Navidad!<\/p>\n<p>&nbsp;<\/p>\n","protected":false},"excerpt":{"rendered":"<p>Llega Pap\u00e1 No\u00e9l, los Reyes, los amigos invisibles&#8230; En estas fechas hay multitud de ocasiones en las que tenemos que hacer regalos. Pues que sep\u00e1is que tambi\u00e9n en estos d\u00edas en M\u00e1laga vamos a poder disfrutar de una amplia agenda de propuestas para encontrar regalos originales, hechos a mano y con los que apoyar la [&hellip;]<\/p>\n","protected":false},"author":24,"featured_media":0,"comment_status":"open","ping_status":"open","sticky":false,"template":"","format":"standard","meta":[],"categories":[4,6],"tags":[261,1858,2034,2064,3069,3968],"_links":{"self":[{"href":"https:\/\/blogs.diariosur.es\/-que-le-compro-\/wp-json\/wp\/v2\/posts\/3665"}],"collection":[{"href":"https:\/\/blogs.diariosur.es\/-que-le-compro-\/wp-json\/wp\/v2\/posts"}],"about":[{"href":"https:\/\/blogs.diariosur.es\/-que-le-compro-\/wp-json\/wp\/v2\/types\/post"}],"author":[{"embeddable":true,"href":"https:\/\/blogs.diariosur.es\/-que-le-compro-\/wp-json\/wp\/v2\/users\/24"}],"replies":[{"embeddable":true,"href":"https:\/\/blogs.diariosur.es\/-que-le-compro-\/wp-json\/wp\/v2\/comments?post=3665"}],"version-history":[{"count":0,"href":"https:\/\/blogs.diariosur.es\/-que-le-compro-\/wp-json\/wp\/v2\/posts\/3665\/revisions"}],"wp:attachment":[{"href":"https:\/\/blogs.diariosur.es\/-que-le-compro-\/wp-json\/wp\/v2\/media?parent=3665"}],"wp:term":[{"taxonomy":"category","embeddable":true,"href":"https:\/\/blogs.diariosur.es\/-que-le-compro-\/wp-json\/wp\/v2\/categories?post=3665"},{"taxonomy":"post_tag","embeddable":true,"href":"https:\/\/blogs.diariosur.es\/-que-le-compro-\/wp-json\/wp\/v2\/tags?post=3665"}],"curies":[{"name":"wp","href":"https:\/\/api.w.org\/{rel}","templated":true}]}}