{"id":3947,"date":"2016-09-13T20:11:27","date_gmt":"2016-09-13T18:11:27","guid":{"rendered":"http:\/\/blogs.diariosur.es\/-que-le-compro-\/?p=3947"},"modified":"2016-09-13T20:11:27","modified_gmt":"2016-09-13T18:11:27","slug":"disenadores-pasarela-larios-marcas","status":"publish","type":"post","link":"https:\/\/blogs.diariosur.es\/-que-le-compro-\/2016\/09\/13\/disenadores-pasarela-larios-marcas\/","title":{"rendered":"Firmas y dise\u00f1adores en la VI Pasarela Larios de M\u00e1laga"},"content":{"rendered":"<p>La calle m\u00e1s emblem\u00e1tica de M\u00e1laga se prepara para vivir su gran cita anual con la moda, la <strong>Pasarela Larios<\/strong>, que celebra su sexta edici\u00f3n y que arranca ya este viernes, 16 de septiembre. Como es habitual, ser\u00e1n dos d\u00edas (viernes y s\u00e1bado) en los que se podr\u00e1 disfrutar de las \u00faltimas creaciones de reconocidos dise\u00f1adores y firmas comerciales. En total, ser\u00e1n 16 los creadores y el mismo n\u00famero de marcas las que exhibir\u00e1n sus trabajos en la gran alfombra azul de 300 metros de longitud que se despliega para la ocasi\u00f3n.<\/p>\n<p>Los desfiles, ya sab\u00e9is, son al aire libre y con entrada gratuita, y comenzar\u00e1n tanto el viernes como el s\u00e1bado a las 20.30 horas. <\/p>\n<p>En la jornada inaugural, los asistentes podr\u00e1n conocer las propuestas de <strong>Sonia Pe\u00f1a, Hugo Clavelina, Jes\u00fas Segado, \u00c1ngel Palazuelos, Ikram El Louah, Antonia Garc\u00eda Galiano, Gemma Mel\u00e9, Rafael Urquizar, Javier Alc\u00e1ntara, Mario Teo, Jorge S\u00e1nchez, Valerio Luna, Carla Ruiz, Asunci\u00f3n Retamero, Bartolom\u00e9 Barrera<\/strong> y la dise\u00f1adora internacional <strong>Mona Al Mansouri<\/strong>, que por primera vez, debuta en esta pasarela. <\/p>\n<p>Adem\u00e1s, durante la velada la dise\u00f1adora malague\u00f1a <strong>Gemma Mel\u00e9 <\/strong>recibir\u00e1 el &#8216;Alfiler de Oro&#8217;, en reconocimiento a su trayectoria profesional.<\/p>\n<div id=\"attachment_3948\" style=\"width: 550px\" class=\"wp-caption aligncenter\"><a href=\"\/-que-le-compro-\/wp-content\/uploads\/sites\/19\/2016\/09\/larios-desfile.jpg\"><img aria-describedby=\"caption-attachment-3948\" loading=\"lazy\" src=\"\/-que-le-compro-\/wp-content\/uploads\/sites\/19\/2016\/09\/larios-desfile.jpg\" alt=\"La alfombra de la Pasarela Larios tiene 300 metros de longitud. :: Pablo Souvir\u00f3n\" title=\"La alfombra de la Pasarela Larios tiene 300 metros de longitud. :: Pablo Souvir\u00f3n\" width=\"540\" height=\"360\" class=\"size-full wp-image-3948\" srcset=\"https:\/\/static-blogs.diariosur.es\/wp-content\/uploads\/sites\/19\/2016\/09\/larios-desfile.jpg 540w, https:\/\/static-blogs.diariosur.es\/wp-content\/uploads\/sites\/19\/2016\/09\/larios-desfile-300x200.jpg 300w\" sizes=\"(max-width: 540px) 100vw, 540px\" \/><\/a><p id=\"caption-attachment-3948\" class=\"wp-caption-text\">La alfombra de la Pasarela Larios tiene 300 metros de longitud. :: Pablo Souvir\u00f3n<\/p><\/div>\n<p>El s\u00e1bado 17, como siempre, los protagonistas ser\u00e1n tiendas y firmas de M\u00e1laga. En esta ocasi\u00f3n se podr\u00e1 disfrutar de los dise\u00f1os de <strong>Olimara, La Gioconda Novias&#038;Fiesta, Protocolo, Sir Lucky, Teria Yabar, Carolina Morat\u00f3 con tocados Carmen Beltr\u00e1n<\/strong>, las firmas de El Corte Ingl\u00e9s <strong>Tintoretto, Emidio Tucci Black, Amiti\u00e9, Elogy, S\u00edntesis, Dalal Alhasan, Impecable Moda y F\u00e9lix Ramiro<\/strong>, firma a la que se reconocer\u00e1 su trayectoria en el mundo de la moda.<\/p>\n<p>El gran broche final de la <strong>Pasarela Larios Fashion Week <\/strong>ser\u00e1 la presentaci\u00f3n de la colecci\u00f3n que ha dise\u00f1ado el actor Antonio Banderas para la firma Selected bajo el nombre <strong>Antonio Banderas design by Selected Homme<\/strong>.<\/p>\n<p>Adem\u00e1s, durante la celebraci\u00f3n Pasarela Larios M\u00e1laga Fashion Week, el Consejo Regulador de la Denominaci\u00f3n de Origen Ribera del Duero expondr\u00e1 la colecci\u00f3n &#8216;Vestidos Ribera del Duero&#8217;, compuesta por 10 prendas \u00fanicas confeccionadas por dise\u00f1adores noveles malague\u00f1os o residentes en M\u00e1laga e inspirados en los vinos de Ribera del Duero. Adem\u00e1s, se llevar\u00e1n a cabo dos catas sensoriales diarias donde los participantes podr\u00e1n disfrutar de los vinos de la regi\u00f3n a trav\u00e9s de la pintura, los perfumes y la degustaci\u00f3n.<\/p>\n<p>Pasarela Larios M\u00e1laga Fashion Week est\u00e1 organizado por Nueva Moda Producciones con la colaboraci\u00f3n del Ayuntamiento de M\u00e1laga, Agrupaci\u00f3n de Cofrad\u00edas, Audi SafaMotor, D.O. Ribera del Duero, Simplemente Viajar, El Corte Ingl\u00e9s, AC M\u00e1laga Palacio, Onda Cero, Room Mate Hotels, El Pimpi (patrocinador del \u2018Alfiler de Oro\u2019), Linda Magazine, Touch Comunicaci\u00f3n, Visuales 2000, Macro Music, Box Servis, Montoro Studio y los restaurantes El Palmeral, El Apartamento Gastrobar, Gorki, El Pimpi, El Chinitas y TGB M\u00e1laga Larios. <\/p>\n","protected":false},"excerpt":{"rendered":"<p>La calle m\u00e1s emblem\u00e1tica de M\u00e1laga se prepara para vivir su gran cita anual con la moda, la Pasarela Larios, que celebra su sexta edici\u00f3n y que arranca ya este viernes, 16 de septiembre. Como es habitual, ser\u00e1n dos d\u00edas (viernes y s\u00e1bado) en los que se podr\u00e1 disfrutar de las \u00faltimas creaciones de reconocidos [&hellip;]<\/p>\n","protected":false},"author":24,"featured_media":0,"comment_status":"open","ping_status":"open","sticky":false,"template":"","format":"standard","meta":[],"categories":[6,7,8],"tags":[189,216,326,383,611,627,1540,1660,1688,1751,1759,1763,1872,2121,2731,2740,2855,2857,3047,3098,3402,3568,3830,3868],"_links":{"self":[{"href":"https:\/\/blogs.diariosur.es\/-que-le-compro-\/wp-json\/wp\/v2\/posts\/3947"}],"collection":[{"href":"https:\/\/blogs.diariosur.es\/-que-le-compro-\/wp-json\/wp\/v2\/posts"}],"about":[{"href":"https:\/\/blogs.diariosur.es\/-que-le-compro-\/wp-json\/wp\/v2\/types\/post"}],"author":[{"embeddable":true,"href":"https:\/\/blogs.diariosur.es\/-que-le-compro-\/wp-json\/wp\/v2\/users\/24"}],"replies":[{"embeddable":true,"href":"https:\/\/blogs.diariosur.es\/-que-le-compro-\/wp-json\/wp\/v2\/comments?post=3947"}],"version-history":[{"count":0,"href":"https:\/\/blogs.diariosur.es\/-que-le-compro-\/wp-json\/wp\/v2\/posts\/3947\/revisions"}],"wp:attachment":[{"href":"https:\/\/blogs.diariosur.es\/-que-le-compro-\/wp-json\/wp\/v2\/media?parent=3947"}],"wp:term":[{"taxonomy":"category","embeddable":true,"href":"https:\/\/blogs.diariosur.es\/-que-le-compro-\/wp-json\/wp\/v2\/categories?post=3947"},{"taxonomy":"post_tag","embeddable":true,"href":"https:\/\/blogs.diariosur.es\/-que-le-compro-\/wp-json\/wp\/v2\/tags?post=3947"}],"curies":[{"name":"wp","href":"https:\/\/api.w.org\/{rel}","templated":true}]}}