{"id":3986,"date":"2016-10-14T13:07:01","date_gmt":"2016-10-14T11:07:01","guid":{"rendered":"http:\/\/blogs.diariosur.es\/-que-le-compro-\/?p=3986"},"modified":"2016-10-14T13:07:01","modified_gmt":"2016-10-14T11:07:01","slug":"mercadillos-artesania-malaga-octubre","status":"publish","type":"post","link":"https:\/\/blogs.diariosur.es\/-que-le-compro-\/2016\/10\/14\/mercadillos-artesania-malaga-octubre\/","title":{"rendered":"Mucha moda y artesan\u00eda en la agenda de mercadillos"},"content":{"rendered":"<p>\u00a1Ya es viernes! Y s\u00ed, tambi\u00e9n este fin de semana vamos \u00a0a poder disfrutar de la agenda de mercadillos. La ruta arranca este viernes, una vez m\u00e1s, en el Centro de M\u00e1laga. Ser\u00e1 con la pop up de <strong>La Temporal<\/strong>, que ser\u00e1 de 12 a 21 horas en sus instalaciones de calle Bolsa 3, 1\u00ba2. <\/p>\n<p> <a href=\"\/-que-le-compro-\/wp-content\/uploads\/sites\/19\/2016\/10\/agenda-temporal1.jpg\"><img loading=\"lazy\" src=\"\/-que-le-compro-\/wp-content\/uploads\/sites\/19\/2016\/10\/agenda-temporal1.jpg\" alt=\"Pop up en La Temporal, 14 de octubre\" title=\"Pop up en La Temporal, 14 de octubre\" width=\"288\" height=\"395\" class=\"aligncenter size-full wp-image-3987\" srcset=\"https:\/\/static-blogs.diariosur.es\/wp-content\/uploads\/sites\/19\/2016\/10\/agenda-temporal1.jpg 288w, https:\/\/static-blogs.diariosur.es\/wp-content\/uploads\/sites\/19\/2016\/10\/agenda-temporal1-219x300.jpg 219w\" sizes=\"(max-width: 288px) 100vw, 288px\" \/><\/a><\/p>\n<p>El s\u00e1bado toca seguir por el Centro, porque la asociaci\u00f3n <strong>Artesanxs Invisibles<\/strong> celebra su muestra de artesan\u00eda en el patio de La Invisible. Ya sab\u00e9is que se entra por la calle Andr\u00e9s P\u00e9rez 8 libremente. Los trabajos en moda, complementos y decoraci\u00f3n estar\u00e1n expuestos de 11 a 18 horas.<\/p>\n<div id=\"attachment_3988\" style=\"width: 550px\" class=\"wp-caption aligncenter\"><a href=\"\/-que-le-compro-\/wp-content\/uploads\/sites\/19\/2016\/10\/agenda-invisible.jpg\"><img aria-describedby=\"caption-attachment-3988\" loading=\"lazy\" src=\"\/-que-le-compro-\/wp-content\/uploads\/sites\/19\/2016\/10\/agenda-invisible.jpg\" alt=\"Artesan\u00eda en La Invisible este s\u00e1bado\" title=\"Artesan\u00eda en La Invisible este s\u00e1bado\" width=\"540\" height=\"333\" class=\"size-full wp-image-3988\" srcset=\"https:\/\/static-blogs.diariosur.es\/wp-content\/uploads\/sites\/19\/2016\/10\/agenda-invisible.jpg 540w, https:\/\/static-blogs.diariosur.es\/wp-content\/uploads\/sites\/19\/2016\/10\/agenda-invisible-300x185.jpg 300w\" sizes=\"(max-width: 540px) 100vw, 540px\" \/><\/a><p id=\"caption-attachment-3988\" class=\"wp-caption-text\">Artesan\u00eda en La Invisible este s\u00e1bado<\/p><\/div>\n<p>Y para el domingo 16, dos citas a apuntar en la agenda. Ambas son de 11 a 18 horas en la capital y cerca del mar, pero en puntos diferentes. Una es el <strong>Zoco de Muelle Uno<\/strong> y la la otra es el mercadillo de <strong>M\u00e1laga es Arte<\/strong> en el paseo mar\u00edtimo Antonio Banderas de Huelin. Ambas ofrecer\u00e1n interesantes creaciones en bisuter\u00eda, moda y accesorios, entre otros.<\/p>\n<div id=\"attachment_3989\" style=\"width: 550px\" class=\"wp-caption aligncenter\"><a href=\"\/-que-le-compro-\/wp-content\/uploads\/sites\/19\/2016\/10\/agenda-huelin.jpg\"><img aria-describedby=\"caption-attachment-3989\" loading=\"lazy\" src=\"\/-que-le-compro-\/wp-content\/uploads\/sites\/19\/2016\/10\/agenda-huelin.jpg\" alt=\"Stands en el paseo mar\u00edtimo Antonio Banderas\" title=\"Stands en el paseo mar\u00edtimo Antonio Banderas\" width=\"540\" height=\"337\" class=\"size-full wp-image-3989\" srcset=\"https:\/\/static-blogs.diariosur.es\/wp-content\/uploads\/sites\/19\/2016\/10\/agenda-huelin.jpg 540w, https:\/\/static-blogs.diariosur.es\/wp-content\/uploads\/sites\/19\/2016\/10\/agenda-huelin-300x187.jpg 300w\" sizes=\"(max-width: 540px) 100vw, 540px\" \/><\/a><p id=\"caption-attachment-3989\" class=\"wp-caption-text\">Stands en el paseo mar\u00edtimo Antonio Banderas<\/p><\/div>\n","protected":false},"excerpt":{"rendered":"<p>\u00a1Ya es viernes! Y s\u00ed, tambi\u00e9n este fin de semana vamos \u00a0a poder disfrutar de la agenda de mercadillos. La ruta arranca este viernes, una vez m\u00e1s, en el Centro de M\u00e1laga. Ser\u00e1 con la pop up de La Temporal, que ser\u00e1 de 12 a 21 horas en sus instalaciones de calle Bolsa 3, 1\u00ba2. [&hellip;]<\/p>\n","protected":false},"author":24,"featured_media":0,"comment_status":"open","ping_status":"open","sticky":false,"template":"","format":"standard","meta":[],"categories":[4,6],"tags":[264,1915,2253,2256,3968],"_links":{"self":[{"href":"https:\/\/blogs.diariosur.es\/-que-le-compro-\/wp-json\/wp\/v2\/posts\/3986"}],"collection":[{"href":"https:\/\/blogs.diariosur.es\/-que-le-compro-\/wp-json\/wp\/v2\/posts"}],"about":[{"href":"https:\/\/blogs.diariosur.es\/-que-le-compro-\/wp-json\/wp\/v2\/types\/post"}],"author":[{"embeddable":true,"href":"https:\/\/blogs.diariosur.es\/-que-le-compro-\/wp-json\/wp\/v2\/users\/24"}],"replies":[{"embeddable":true,"href":"https:\/\/blogs.diariosur.es\/-que-le-compro-\/wp-json\/wp\/v2\/comments?post=3986"}],"version-history":[{"count":0,"href":"https:\/\/blogs.diariosur.es\/-que-le-compro-\/wp-json\/wp\/v2\/posts\/3986\/revisions"}],"wp:attachment":[{"href":"https:\/\/blogs.diariosur.es\/-que-le-compro-\/wp-json\/wp\/v2\/media?parent=3986"}],"wp:term":[{"taxonomy":"category","embeddable":true,"href":"https:\/\/blogs.diariosur.es\/-que-le-compro-\/wp-json\/wp\/v2\/categories?post=3986"},{"taxonomy":"post_tag","embeddable":true,"href":"https:\/\/blogs.diariosur.es\/-que-le-compro-\/wp-json\/wp\/v2\/tags?post=3986"}],"curies":[{"name":"wp","href":"https:\/\/api.w.org\/{rel}","templated":true}]}}