{"id":3992,"date":"2016-10-18T15:54:01","date_gmt":"2016-10-18T13:54:01","guid":{"rendered":"http:\/\/blogs.diariosur.es\/-que-le-compro-\/?p=3992"},"modified":"2016-10-18T15:54:01","modified_gmt":"2016-10-18T13:54:01","slug":"compras-solidarias-lucha-cancer-mama","status":"publish","type":"post","link":"https:\/\/blogs.diariosur.es\/-que-le-compro-\/2016\/10\/18\/compras-solidarias-lucha-cancer-mama\/","title":{"rendered":"Compras solidarias con la lucha contra el c\u00e1ncer de mama"},"content":{"rendered":"<p>El <strong>19 de octubre es el d\u00eda mundial contra el c\u00e1ncer de mama<\/strong>, una enfermedad sobre la que cada vez hay m\u00e1s concienciaci\u00f3n, as\u00ed que a\u00f1o tras a\u00f1o aumentan las firmas que en torno a esta fecha lanzan ediciones limitadas de ciertos art\u00edculos y llevan a cabo campa\u00f1as para colaborar en la lucha contra esta enfermedad. La gran mayor\u00eda son de art\u00edculos bastante asequibles y cotidianos, para que la iniciativa pueda llegar a un p\u00fablico numeroso.<\/p>\n<p>Una de las veteranas es <strong>Margaret Astor<\/strong>, que vuelve a lanzar su colecci\u00f3n exclusiva contra el c\u00e1ncer de mama compuesta por 12 barras de labios Soft Sensation Color &#038; Care de Astor, por la que aportar\u00e1 32.000 euros a la Asociaci\u00f3n Espa\u00f1ola contra el C\u00e1ncer (AECC).<br \/>\n<a href=\"\/-que-le-compro-\/wp-content\/uploads\/sites\/19\/2016\/10\/cancer-astor.jpg\"><img loading=\"lazy\" src=\"\/-que-le-compro-\/wp-content\/uploads\/sites\/19\/2016\/10\/cancer-astor.jpg\" alt=\"Labiales de Margaret Astor por el 19 de octubre\" title=\"Labiales de Margaret Astor por el 19 de octubre\" width=\"540\" height=\"304\" class=\"aligncenter size-full wp-image-3993\" srcset=\"https:\/\/static-blogs.diariosur.es\/wp-content\/uploads\/sites\/19\/2016\/10\/cancer-astor.jpg 540w, https:\/\/static-blogs.diariosur.es\/wp-content\/uploads\/sites\/19\/2016\/10\/cancer-astor-300x169.jpg 300w\" sizes=\"(max-width: 540px) 100vw, 540px\" \/><\/a><\/p>\n<p>Por supuesto, la <strong>AECC<\/strong> tiene en este 19 de octubre uno de sus d\u00edas se\u00f1alados del calendario, y lanza unas gafas de sol como el a\u00f1o pasado con un moderno dise\u00f1o y un m\u00e1s que atractivo precio: s\u00f3lo 5 euros. Se pueden adquirir a trav\u00e9s de su<a href=\"http:\/\/sumatealrosa.com\/inicio\/8-gafas-aecc.html\" rel=\"external nofollow\"> p\u00e1gina web <\/a> y tambi\u00e9n hasta final de mes en las tiendas Fnac Marbella (en el centro comercial La Ca\u00f1ada) y en la de M\u00e1laga capital (en el centro comercial M\u00e1laga Plaza).<\/p>\n<p><a href=\"\/-que-le-compro-\/wp-content\/uploads\/sites\/19\/2016\/10\/cancer-gafaas.jpg\"><img loading=\"lazy\" src=\"\/-que-le-compro-\/wp-content\/uploads\/sites\/19\/2016\/10\/cancer-gafaas.jpg\" alt=\"Gafas de sol de la AECC de este a\u00f1o\" title=\"Gafas de sol de la AECC de este a\u00f1o\" width=\"540\" height=\"255\" class=\"aligncenter size-full wp-image-3995\" srcset=\"https:\/\/static-blogs.diariosur.es\/wp-content\/uploads\/sites\/19\/2016\/10\/cancer-gafaas.jpg 540w, https:\/\/static-blogs.diariosur.es\/wp-content\/uploads\/sites\/19\/2016\/10\/cancer-gafaas-300x142.jpg 300w\" sizes=\"(max-width: 540px) 100vw, 540px\" \/><\/a><\/p>\n<p>Tambi\u00e9n con la AECC ha colaborado este a\u00f1o aceites <strong>La Mas\u00eda<\/strong>, que ha puesto en marcha el &#8216;Aceite de Oliva Solidario&#8217;, un reto que se enmarca dentro del acuerdo de colaboraci\u00f3n que ambas entidades firmaron el pasado mes de junio en la lucha contra esta enfermedad y que finalizar\u00e1 este mi\u00e9rcoles 19. El objetivo es financiar con 50.000 euros el proyecto de investigaci\u00f3n contra el c\u00e1ncer de mama que dirige el investigador Joaqu\u00edn Seras en Barcelona.<br \/>\nLa Mas\u00eda ya ha aportado la mitad de este importe (25.000\u20ac), pero para cubrir la totalidad del mismo se han puesto en marcha distintas acciones. Entre ellas destaca una botella rosa de aceite de oliva de edici\u00f3n limitada, que ya est\u00e1 disponible en los lineales de las grandes superficies colaboradoras para que cada persona que la adquiera pueda donar con su compra 5 c\u00e9ntimos al proyecto de investigaci\u00f3n. Adem\u00e1s, se ha habilitado una plataforma de crowdfunding en la web de la Asociaci\u00f3n para realizar microdonaciones.<\/p>\n<p><a href=\"\/-que-le-compro-\/wp-content\/uploads\/sites\/19\/2016\/10\/cancer-aceite.jpg\"><img loading=\"lazy\" src=\"\/-que-le-compro-\/wp-content\/uploads\/sites\/19\/2016\/10\/cancer-aceite.jpg\" alt=\"Aceite de oliva solidario La Mas\u00eda\" title=\"Aceite de oliva solidario La Mas\u00eda\" width=\"540\" height=\"317\" class=\"aligncenter size-full wp-image-3999\" srcset=\"https:\/\/static-blogs.diariosur.es\/wp-content\/uploads\/sites\/19\/2016\/10\/cancer-aceite.jpg 540w, https:\/\/static-blogs.diariosur.es\/wp-content\/uploads\/sites\/19\/2016\/10\/cancer-aceite-300x176.jpg 300w\" sizes=\"(max-width: 540px) 100vw, 540px\" \/><\/a><\/p>\n<p>Paralelamente, la plataforma <strong>Unlazoenmovimiento.org<\/strong> se centra en los complementos, y oferta distintos tipos de pulseras tambi\u00e9n a precios muy asequibles (gastos de env\u00edo aparte) para recaudar fondos para la investigaci\u00f3n de esta enfermedad. En la imagen inferior tienes uno de los muchos modelos con los que cuentsa, si quieres <a href=\"http:\/\/tienda.unlazoenmovimiento.eu\/\" rel=\"external nofollow\">ver m\u00e1s s\u00f3lo tienes que pinchar aqu\u00ed<\/a><\/p>\n<p><a href=\"\/-que-le-compro-\/wp-content\/uploads\/sites\/19\/2016\/10\/cancer-pulsera.jpg\"><img loading=\"lazy\" src=\"\/-que-le-compro-\/wp-content\/uploads\/sites\/19\/2016\/10\/cancer-pulsera.jpg\" alt=\"Pulsera de Un lazo en movimiento, 12 euros\" title=\"Pulsera de Un lazo en movimiento, 12 euros\" width=\"540\" height=\"487\" class=\"aligncenter size-full wp-image-3994\" srcset=\"https:\/\/static-blogs.diariosur.es\/wp-content\/uploads\/sites\/19\/2016\/10\/cancer-pulsera.jpg 540w, https:\/\/static-blogs.diariosur.es\/wp-content\/uploads\/sites\/19\/2016\/10\/cancer-pulsera-300x271.jpg 300w\" sizes=\"(max-width: 540px) 100vw, 540px\" \/><\/a><\/p>\n<p>M\u00e1s elevado es el precio de la iniciativa de <strong>Pandora <\/strong>, pero igualmente solidaria, ya que destinar\u00e1 21.000 euros a la <strong>Fundaci\u00f3n Sandra Ibarra<\/strong> de lucha contra el c\u00e1ncer por la venta de este colgante, edici\u00f3n especial:<br \/>\n<a href=\"\/-que-le-compro-\/wp-content\/uploads\/sites\/19\/2016\/10\/cancer-pandora.jpg\"><img loading=\"lazy\" src=\"\/-que-le-compro-\/wp-content\/uploads\/sites\/19\/2016\/10\/cancer-pandora.jpg\" alt=\"Colgante de Pandora por el 19 de octubre, edici\u00f3n limitada\" title=\"Colgante de Pandora por el 19 de octubre, edici\u00f3n limitada\" width=\"540\" height=\"388\" class=\"aligncenter size-full wp-image-3996\" srcset=\"https:\/\/static-blogs.diariosur.es\/wp-content\/uploads\/sites\/19\/2016\/10\/cancer-pandora.jpg 540w, https:\/\/static-blogs.diariosur.es\/wp-content\/uploads\/sites\/19\/2016\/10\/cancer-pandora-300x216.jpg 300w\" sizes=\"(max-width: 540px) 100vw, 540px\" \/><\/a><\/p>\n<p>Y tambi\u00e9n <strong>Guapabox<\/strong> se suma a la lucha contra el c\u00e1ncer de mama a trav\u00e9s de la iniciativa #GotasdeSolidaridad, dando a conocer esta campa\u00f1a promovida por Sol\u00e1n de Cabras para ayudar a la Asociaci\u00f3n Espa\u00f1ola contra el C\u00e1ncer con 20.000 minutos de atenci\u00f3n psicol\u00f3gica para pacientes y familiares. El precio de la suscripci\u00f3n a la caja Guapabox es de 15,95 \u20ac e incluye entrega a domicilio. Para <a href=\"http:\/\/www.guapabox.com\/cajas-belleza\/caja-mes.html\" rel=\"external nofollow\">m\u00e1s detalles, aqu\u00ed<\/a><br \/>\n<a href=\"\/-que-le-compro-\/wp-content\/uploads\/sites\/19\/2016\/10\/cancer-guapabox.jpg\"><img loading=\"lazy\" src=\"\/-que-le-compro-\/wp-content\/uploads\/sites\/19\/2016\/10\/cancer-guapabox.jpg\" alt=\"La Guapabox de octubre se suma a #GotasdeSolidaridad\" title=\"La Guapabox de octubre se suma a #GotasdeSolidaridad\" width=\"540\" height=\"434\" class=\"aligncenter size-full wp-image-3997\" srcset=\"https:\/\/static-blogs.diariosur.es\/wp-content\/uploads\/sites\/19\/2016\/10\/cancer-guapabox.jpg 540w, https:\/\/static-blogs.diariosur.es\/wp-content\/uploads\/sites\/19\/2016\/10\/cancer-guapabox-300x241.jpg 300w\" sizes=\"(max-width: 540px) 100vw, 540px\" \/><\/a><\/p>\n","protected":false},"excerpt":{"rendered":"<p>El 19 de octubre es el d\u00eda mundial contra el c\u00e1ncer de mama, una enfermedad sobre la que cada vez hay m\u00e1s concienciaci\u00f3n, as\u00ed que a\u00f1o tras a\u00f1o aumentan las firmas que en torno a esta fecha lanzan ediciones limitadas de ciertos art\u00edculos y llevan a cabo campa\u00f1as para colaborar en la lucha contra esta [&hellip;]<\/p>\n","protected":false},"author":24,"featured_media":0,"comment_status":"open","ping_status":"open","sticky":false,"template":"","format":"standard","meta":[],"categories":[2,7,8],"tags":[23,44,272,846,2010,2011],"_links":{"self":[{"href":"https:\/\/blogs.diariosur.es\/-que-le-compro-\/wp-json\/wp\/v2\/posts\/3992"}],"collection":[{"href":"https:\/\/blogs.diariosur.es\/-que-le-compro-\/wp-json\/wp\/v2\/posts"}],"about":[{"href":"https:\/\/blogs.diariosur.es\/-que-le-compro-\/wp-json\/wp\/v2\/types\/post"}],"author":[{"embeddable":true,"href":"https:\/\/blogs.diariosur.es\/-que-le-compro-\/wp-json\/wp\/v2\/users\/24"}],"replies":[{"embeddable":true,"href":"https:\/\/blogs.diariosur.es\/-que-le-compro-\/wp-json\/wp\/v2\/comments?post=3992"}],"version-history":[{"count":0,"href":"https:\/\/blogs.diariosur.es\/-que-le-compro-\/wp-json\/wp\/v2\/posts\/3992\/revisions"}],"wp:attachment":[{"href":"https:\/\/blogs.diariosur.es\/-que-le-compro-\/wp-json\/wp\/v2\/media?parent=3992"}],"wp:term":[{"taxonomy":"category","embeddable":true,"href":"https:\/\/blogs.diariosur.es\/-que-le-compro-\/wp-json\/wp\/v2\/categories?post=3992"},{"taxonomy":"post_tag","embeddable":true,"href":"https:\/\/blogs.diariosur.es\/-que-le-compro-\/wp-json\/wp\/v2\/tags?post=3992"}],"curies":[{"name":"wp","href":"https:\/\/api.w.org\/{rel}","templated":true}]}}