{"id":4003,"date":"2016-10-23T19:47:06","date_gmt":"2016-10-23T17:47:06","guid":{"rendered":"http:\/\/blogs.diariosur.es\/-que-le-compro-\/?p=4003"},"modified":"2016-10-23T19:47:06","modified_gmt":"2016-10-23T17:47:06","slug":"segado-linea-gafas-graduado","status":"publish","type":"post","link":"https:\/\/blogs.diariosur.es\/-que-le-compro-\/2016\/10\/23\/segado-linea-gafas-graduado\/","title":{"rendered":"El dise\u00f1ador malague\u00f1o Jes\u00fas Segado lanza su primera colecci\u00f3n de gafas"},"content":{"rendered":"<p>Es uno de los dise\u00f1adores de moda de M\u00e1laga m\u00e1s prestigiosos, y a su cartera de creaciones acaba de unir otra m\u00e1s, bastante alejada de los modelos que habitualmente presenta: una colecci\u00f3n de gafas.<\/p>\n<p><strong>Jes\u00fas Segado<\/strong> acaba de presentar su nuevo proyecto, una l\u00ednea compuesta por quince modelos de montura de graduado en pasta y metal, unisex en su mayor\u00eda, que se presentan en varios colores bajo el paraguas de <strong>MIOPTICO<\/strong>, cadena que cuenta con 177 centros \u00f3pticos repartidos por toda Espa\u00f1a y otros 95 en Francia.<\/p>\n<div id=\"attachment_4008\" style=\"width: 610px\" class=\"wp-caption aligncenter\"><a href=\"\/-que-le-compro-\/wp-content\/uploads\/sites\/19\/2016\/10\/gafas-segado.jpg\"><img aria-describedby=\"caption-attachment-4008\" loading=\"lazy\" class=\"size-full wp-image-4008\" title=\"El dise\u00f1ador malague\u00f1o Jes\u00fas Segado, con su colecci\u00f3n de gafas\" src=\"\/-que-le-compro-\/wp-content\/uploads\/sites\/19\/2016\/10\/gafas-segado.jpg\" alt=\"El dise\u00f1ador malague\u00f1o Jes\u00fas Segado, con su colecci\u00f3n de gafas\" width=\"600\" height=\"456\" srcset=\"https:\/\/static-blogs.diariosur.es\/wp-content\/uploads\/sites\/19\/2016\/10\/gafas-segado.jpg 600w, https:\/\/static-blogs.diariosur.es\/wp-content\/uploads\/sites\/19\/2016\/10\/gafas-segado-300x228.jpg 300w\" sizes=\"(max-width: 600px) 100vw, 600px\" \/><\/a><p id=\"caption-attachment-4008\" class=\"wp-caption-text\">El dise\u00f1ador malague\u00f1o Jes\u00fas Segado, con su colecci\u00f3n de gafas<\/p><\/div>\n<p>La colecci\u00f3n de graduado Jes\u00fas Segado 2016-2017 est\u00e1 compuesta por dise\u00f1os elaborados en pasta acetato y metal, algunos realizados espec\u00edficamente para hombre o mujer, si bien en la mayor\u00eda de los casos presentan un car\u00e1cter unisex, buscando una l\u00ednea actual y elegante, se\u00f1as de identidad de la marca local. Durante el acto de presentaci\u00f3n, Segado destac\u00f3 que la moda &#8220;no s\u00f3lo reside en los dise\u00f1os de costura que elegimos o en los complementos que utilizamos, sino que es un concepto de conjunto en el que no debemos obviar elementos tan importantes en nuestra vida cotidiana como las gafas&#8221;.<\/p>\n<p>En su opini\u00f3n, &#8220;son dise\u00f1os aptos para todos los p\u00fablicos, tambi\u00e9n para caballero, por lo que se trata de un importante paso para m\u00ed como creador de moda y tendencias, con el que espero poder seguir abriendo nuevos horizontes&#8221;.<\/p>\n<p>M\u00e1laga cuenta con cinco centros MI\u00d3PTICO, que se encuentran ubicados en los centros comerciales de Los Patios y Alameda, en la capital, a los que se suman los locales de Estepona, Antequera y en Mijas.<\/p>\n<p>Aqu\u00ed ten\u00e9is algunas fotos de la presentaci\u00f3n de la l\u00ednea de gafas de Jes\u00fas Segado: \u00a1suerte y enhorabuena!<\/p>\n<div id=\"attachment_4004\" style=\"width: 610px\" class=\"wp-caption aligncenter\"><a href=\"\/-que-le-compro-\/wp-content\/uploads\/sites\/19\/2016\/10\/gafas-presentacion2.jpg\"><img aria-describedby=\"caption-attachment-4004\" loading=\"lazy\" class=\"size-full wp-image-4004\" title=\"El director general de la cadena, Florent Carri\u00e8re, durante su intervenci\u00f3n junto a Segado\" src=\"\/-que-le-compro-\/wp-content\/uploads\/sites\/19\/2016\/10\/gafas-presentacion2.jpg\" alt=\"El director general de la cadena, Florent Carri\u00e8re, durante su intervenci\u00f3n junto a Segado\" width=\"600\" height=\"515\" srcset=\"https:\/\/static-blogs.diariosur.es\/wp-content\/uploads\/sites\/19\/2016\/10\/gafas-presentacion2.jpg 600w, https:\/\/static-blogs.diariosur.es\/wp-content\/uploads\/sites\/19\/2016\/10\/gafas-presentacion2-300x258.jpg 300w\" sizes=\"(max-width: 600px) 100vw, 600px\" \/><\/a><p id=\"caption-attachment-4004\" class=\"wp-caption-text\">El director general de la cadena, Florent Carri\u00e8re, durante su intervenci\u00f3n junto a Segado<\/p><\/div>\n<div id=\"attachment_4005\" style=\"width: 610px\" class=\"wp-caption aligncenter\"><a href=\"\/-que-le-compro-\/wp-content\/uploads\/sites\/19\/2016\/10\/gafas-segado-garcia.jpg\"><img aria-describedby=\"caption-attachment-4005\" loading=\"lazy\" class=\"size-full wp-image-4005\" title=\"Segado con el empresrio y exMister Universo, Juan Garc\u00eda\" src=\"\/-que-le-compro-\/wp-content\/uploads\/sites\/19\/2016\/10\/gafas-segado-garcia.jpg\" alt=\"Segado con el empresario y exMister Universo, Juan Garc\u00eda\" width=\"600\" height=\"400\" srcset=\"https:\/\/static-blogs.diariosur.es\/wp-content\/uploads\/sites\/19\/2016\/10\/gafas-segado-garcia.jpg 600w, https:\/\/static-blogs.diariosur.es\/wp-content\/uploads\/sites\/19\/2016\/10\/gafas-segado-garcia-300x200.jpg 300w\" sizes=\"(max-width: 600px) 100vw, 600px\" \/><\/a><p id=\"caption-attachment-4005\" class=\"wp-caption-text\">Segado con el empresario y exMister Universo, Juan Garc\u00eda<\/p><\/div>\n<div id=\"attachment_4006\" style=\"width: 610px\" class=\"wp-caption aligncenter\"><a href=\"\/-que-le-compro-\/wp-content\/uploads\/sites\/19\/2016\/10\/gafas-presentacion1.jpg\"><img aria-describedby=\"caption-attachment-4006\" loading=\"lazy\" class=\"size-full wp-image-4006\" title=\"Las gafas, en detalle durante la presentaci\u00f3n\" src=\"\/-que-le-compro-\/wp-content\/uploads\/sites\/19\/2016\/10\/gafas-presentacion1.jpg\" alt=\"\" width=\"600\" height=\"900\" srcset=\"https:\/\/static-blogs.diariosur.es\/wp-content\/uploads\/sites\/19\/2016\/10\/gafas-presentacion1.jpg 600w, https:\/\/static-blogs.diariosur.es\/wp-content\/uploads\/sites\/19\/2016\/10\/gafas-presentacion1-200x300.jpg 200w\" sizes=\"(max-width: 600px) 100vw, 600px\" \/><\/a><p id=\"caption-attachment-4006\" class=\"wp-caption-text\">Las gafas, en detalle durante la presentaci\u00f3n. :: Fotos: PuntoPress<\/p><\/div>\n","protected":false},"excerpt":{"rendered":"<p>Es uno de los dise\u00f1adores de moda de M\u00e1laga m\u00e1s prestigiosos, y a su cartera de creaciones acaba de unir otra m\u00e1s, bastante alejada de los modelos que habitualmente presenta: una colecci\u00f3n de gafas. Jes\u00fas Segado acaba de presentar su nuevo proyecto, una l\u00ednea compuesta por quince modelos de montura de graduado en pasta y [&hellip;]<\/p>\n","protected":false},"author":24,"featured_media":0,"comment_status":"open","ping_status":"open","sticky":false,"template":"","format":"standard","meta":[],"categories":[2,6,7],"tags":[783,1759,3722],"_links":{"self":[{"href":"https:\/\/blogs.diariosur.es\/-que-le-compro-\/wp-json\/wp\/v2\/posts\/4003"}],"collection":[{"href":"https:\/\/blogs.diariosur.es\/-que-le-compro-\/wp-json\/wp\/v2\/posts"}],"about":[{"href":"https:\/\/blogs.diariosur.es\/-que-le-compro-\/wp-json\/wp\/v2\/types\/post"}],"author":[{"embeddable":true,"href":"https:\/\/blogs.diariosur.es\/-que-le-compro-\/wp-json\/wp\/v2\/users\/24"}],"replies":[{"embeddable":true,"href":"https:\/\/blogs.diariosur.es\/-que-le-compro-\/wp-json\/wp\/v2\/comments?post=4003"}],"version-history":[{"count":0,"href":"https:\/\/blogs.diariosur.es\/-que-le-compro-\/wp-json\/wp\/v2\/posts\/4003\/revisions"}],"wp:attachment":[{"href":"https:\/\/blogs.diariosur.es\/-que-le-compro-\/wp-json\/wp\/v2\/media?parent=4003"}],"wp:term":[{"taxonomy":"category","embeddable":true,"href":"https:\/\/blogs.diariosur.es\/-que-le-compro-\/wp-json\/wp\/v2\/categories?post=4003"},{"taxonomy":"post_tag","embeddable":true,"href":"https:\/\/blogs.diariosur.es\/-que-le-compro-\/wp-json\/wp\/v2\/tags?post=4003"}],"curies":[{"name":"wp","href":"https:\/\/api.w.org\/{rel}","templated":true}]}}