{"id":4014,"date":"2016-10-28T00:39:45","date_gmt":"2016-10-27T22:39:45","guid":{"rendered":"http:\/\/blogs.diariosur.es\/-que-le-compro-\/?p=4014"},"modified":"2016-10-28T00:39:45","modified_gmt":"2016-10-27T22:39:45","slug":"terral-market-outlet-malaga-agenda-compras","status":"publish","type":"post","link":"https:\/\/blogs.diariosur.es\/-que-le-compro-\/2016\/10\/28\/terral-market-outlet-malaga-agenda-compras\/","title":{"rendered":"Outlet, Terral Market y otras citas del puente en M\u00e1laga"},"content":{"rendered":"<p>\u00a1Viernes! Comienza un largo fin de semana para muchos, que podr\u00e1n hacer puente el lunes. &#8216;Con permiso&#8217; de las <a href=\"http:\/\/www.diariosur.es\/planes\/201610\/26\/agenda-halloween-malaga-20161025190751.html\" rel=\"external nofollow\">actividades de Halloween<\/a> la agenda de compras de estos d\u00edas en M\u00e1laga promete.<\/p>\n<p>Ya desde este viernes hay que apuntar tres citas. Por un lado, el novedoso <strong>Terral Market<\/strong>, que hasta el domingo exhibir\u00e1 en La T\u00e9rmica 30 propuestas de distintas disciplinas: as\u00ed, podr\u00e1n encontrarse desde mochilas o bolsos con toques de madera a corbatas, pajaritas o collages. La entrada es gratuita y el horario es de 11 a 00 horas el viernes y el s\u00e1bado y el domingo de 11 a 17 horas.<\/p>\n<p>Entre otros, se podr\u00e1n ver los trabajos de Jimmy Mil\u00e1n, \u00d3pera de Domingo, Cocobento, La Dise\u00f1oteca o Lilian Urqueta. Adem\u00e1s, habr\u00e1 food-trucks para reponer fuerzas y m\u00fasica en directo a cargo de Roberto Herruzo, conocido por hacer instrumentos de fabricaci\u00f3n propia con cualquier tipo de materia prima; Pink Suede, Miguel Est\u00e9vez o Petit Swim.<\/p>\n<div id=\"attachment_4017\" style=\"width: 550px\" class=\"wp-caption aligncenter\"><a href=\"\/-que-le-compro-\/wp-content\/uploads\/sites\/19\/2016\/10\/agenda-terral2.jpg\"><img aria-describedby=\"caption-attachment-4017\" loading=\"lazy\" class=\"size-full wp-image-4017\" title=\"Dise\u00f1os originales en el I Terral Market, hasta el domingo en La T\u00e9rmica\" src=\"\/-que-le-compro-\/wp-content\/uploads\/sites\/19\/2016\/10\/agenda-terral2.jpg\" alt=\"Dise\u00f1os originales en el I Terral Market, hasta el domingo en La T\u00e9rmica\" width=\"540\" height=\"527\" srcset=\"https:\/\/static-blogs.diariosur.es\/wp-content\/uploads\/sites\/19\/2016\/10\/agenda-terral2.jpg 540w, https:\/\/static-blogs.diariosur.es\/wp-content\/uploads\/sites\/19\/2016\/10\/agenda-terral2-300x293.jpg 300w\" sizes=\"(max-width: 540px) 100vw, 540px\" \/><\/a><p id=\"caption-attachment-4017\" class=\"wp-caption-text\">Dise\u00f1os originales en el I Terral Market, hasta el domingo en La T\u00e9rmica<\/p><\/div>\n<p>Por otra parte, de viernes a domingo tambi\u00e9n, pero en el Palacio de Ferias estar\u00e1 instalado el 12 <strong>Stock! Factory Outlet M\u00e1laga<\/strong>, que ofrecer\u00e1 200.000 art\u00edculos de distintas marcas con descuentos de hasta el 80%. As\u00ed, podr\u00e1n encontrarse moda y complementos, equipaci\u00f3n para la nieve, accesorios de moto, perfumer\u00eda, detalles de decoraci\u00f3n, menaje para el hogar, descanso, gastronom\u00eda, inform\u00e1tica, etc. de 10 a 22 horas.<\/p>\n<div id=\"attachment_4016\" style=\"width: 550px\" class=\"wp-caption aligncenter\"><a href=\"\/-que-le-compro-\/wp-content\/uploads\/sites\/19\/2016\/10\/agenda-outlet.jpg\"><img aria-describedby=\"caption-attachment-4016\" loading=\"lazy\" class=\"size-full wp-image-4016\" title=\"Descuentos de hasta el 80% en Stock! Oulet M\u00e1laga, hasta el domingo\" src=\"\/-que-le-compro-\/wp-content\/uploads\/sites\/19\/2016\/10\/agenda-outlet.jpg\" alt=\"Descuentos de hasta el 80% en Stock! Oulet M\u00e1laga, hasta el domingo\" width=\"540\" height=\"328\" srcset=\"https:\/\/static-blogs.diariosur.es\/wp-content\/uploads\/sites\/19\/2016\/10\/agenda-outlet.jpg 540w, https:\/\/static-blogs.diariosur.es\/wp-content\/uploads\/sites\/19\/2016\/10\/agenda-outlet-300x182.jpg 300w\" sizes=\"(max-width: 540px) 100vw, 540px\" \/><\/a><p id=\"caption-attachment-4016\" class=\"wp-caption-text\">Descuentos de hasta el 80% en Stock! Oulet M\u00e1laga, hasta el domingo<\/p><\/div>\n<p>Entre las novedades de esta edici\u00f3n destaca el territorio Xti con grandes descuentos en calzado para hombre, mujer y ni\u00f1os. Y, para ocasiones especiales, habr\u00e1 un exclusivo stand con vestidos de fiesta del portal online Asos y otro de El Armario de la Tele con prendas para ni\u00f1os desde 5 euros y moda de mujer a partir de 10 euros. Para ellos, Celopman pondr\u00e1 a disposici\u00f3n del consumidor jerseys, camisas, pantalones y americanas de liquidaci\u00f3n, una oportunidad \u00fanica para adquirir exclusivas prendas a precios populares. <a href=\"http:\/\/www.diariosur.es\/planes\/201610\/26\/stock-feria-outlet-malaga-20161026210357.html\" rel=\"external nofollow\">Para m\u00e1s detalles, pincha aqu\u00ed.<\/a><br \/>\nLa entrada cuesta 2 euros pero es gratis para los ni\u00f1os menores de 12 a\u00f1os.<\/p>\n<p>Y tambi\u00e9n este viernes, una vez m\u00e1s pop up en <strong>La Temporal<\/strong>, con distintos trabajos en moda y complementos de dise\u00f1adores. Est\u00e1n en M\u00e1laga capital, en la calle Bolsa 3, 1\u00ba2 de 12 a 21 horas. La entrada es gratis.<\/p>\n<p>Adem\u00e1s,<strong> Benalm\u00e1dena celebra su II Noche del Terror<\/strong>, en la que 56 establecimientos\u00a0de diferentes sectores, ofrecer\u00e1n descuentos de entre el 20 y el 30% durante todo el d\u00eda con esta iniciativa, organizada por la Asociaci\u00f3n de Comerciantes y Empresarios de Benalm\u00e1dena (ACEB) con la colaboraci\u00f3n de la C\u00e1mara de Comercio de M\u00e1laga y el Ayuntamiento de Benalm\u00e1dena.<\/p>\n<p>El s\u00e1bado no dej\u00e9is de pasar por el Centro, ya que la dise\u00f1adora malague\u00f1a Noelia L\u00f3pez ofrecer\u00e1 un showroom en el hotel Molina Lario de su firma, <strong>OSbyNoelia<\/strong>, en la que presentar\u00e1 su nueva colecci\u00f3n de complementos. Hasta las siete de la tarde en la c\u00e9ntrica calle del mismo nombre. La entrada es gratuita.<\/p>\n<p>Para el domingo, los dos mercadillos que se quedaron canceladas por la lluvia la semana pasada: <strong>La Plaza Merced Market<\/strong> (en la c\u00e9ntrica plaza de la Merced) y el <strong>Malagueta 4 Market<\/strong>, ambos con moda, complementos, artesan\u00eda, decoraci\u00f3n&#8230; Entrada gratis y horario de 11 a 19 horas y de 10 a 19 horas, respectivamente. A ellos se suma el <strong>Zoco de Muelle Un<\/strong>o, de 11 a 18 horas.<\/p>\n<p>&nbsp;<\/p>\n<div id=\"attachment_4019\" style=\"width: 550px\" class=\"wp-caption aligncenter\"><a href=\"\/-que-le-compro-\/wp-content\/uploads\/sites\/19\/2016\/10\/agenda-laplaza.jpg\"><img aria-describedby=\"caption-attachment-4019\" loading=\"lazy\" class=\"size-full wp-image-4019\" title=\"Regalos originales en La Plaza Merced Market, este domingo\" src=\"\/-que-le-compro-\/wp-content\/uploads\/sites\/19\/2016\/10\/agenda-laplaza.jpg\" alt=\"Regalos originales en La Plaza Merced Market, este domingo\" width=\"540\" height=\"405\" srcset=\"https:\/\/static-blogs.diariosur.es\/wp-content\/uploads\/sites\/19\/2016\/10\/agenda-laplaza.jpg 540w, https:\/\/static-blogs.diariosur.es\/wp-content\/uploads\/sites\/19\/2016\/10\/agenda-laplaza-300x225.jpg 300w\" sizes=\"(max-width: 540px) 100vw, 540px\" \/><\/a><p id=\"caption-attachment-4019\" class=\"wp-caption-text\">Regalos originales en La Plaza Merced Market, este domingo<\/p><\/div>\n<p>\u00a1Buen fin de semana!<\/p>\n","protected":false},"excerpt":{"rendered":"<p>\u00a1Viernes! Comienza un largo fin de semana para muchos, que podr\u00e1n hacer puente el lunes. &#8216;Con permiso&#8217; de las actividades de Halloween la agenda de compras de estos d\u00edas en M\u00e1laga promete. Ya desde este viernes hay que apuntar tres citas. Por un lado, el novedoso Terral Market, que hasta el domingo exhibir\u00e1 en La [&hellip;]<\/p>\n","protected":false},"author":24,"featured_media":0,"comment_status":"open","ping_status":"open","sticky":false,"template":"","format":"standard","meta":[],"categories":[4,6],"tags":[1340,1902,1916,2064,2343,2356,2761,3389,3464,3570,3968],"_links":{"self":[{"href":"https:\/\/blogs.diariosur.es\/-que-le-compro-\/wp-json\/wp\/v2\/posts\/4014"}],"collection":[{"href":"https:\/\/blogs.diariosur.es\/-que-le-compro-\/wp-json\/wp\/v2\/posts"}],"about":[{"href":"https:\/\/blogs.diariosur.es\/-que-le-compro-\/wp-json\/wp\/v2\/types\/post"}],"author":[{"embeddable":true,"href":"https:\/\/blogs.diariosur.es\/-que-le-compro-\/wp-json\/wp\/v2\/users\/24"}],"replies":[{"embeddable":true,"href":"https:\/\/blogs.diariosur.es\/-que-le-compro-\/wp-json\/wp\/v2\/comments?post=4014"}],"version-history":[{"count":0,"href":"https:\/\/blogs.diariosur.es\/-que-le-compro-\/wp-json\/wp\/v2\/posts\/4014\/revisions"}],"wp:attachment":[{"href":"https:\/\/blogs.diariosur.es\/-que-le-compro-\/wp-json\/wp\/v2\/media?parent=4014"}],"wp:term":[{"taxonomy":"category","embeddable":true,"href":"https:\/\/blogs.diariosur.es\/-que-le-compro-\/wp-json\/wp\/v2\/categories?post=4014"},{"taxonomy":"post_tag","embeddable":true,"href":"https:\/\/blogs.diariosur.es\/-que-le-compro-\/wp-json\/wp\/v2\/tags?post=4014"}],"curies":[{"name":"wp","href":"https:\/\/api.w.org\/{rel}","templated":true}]}}