{"id":4028,"date":"2016-11-03T15:22:38","date_gmt":"2016-11-03T14:22:38","guid":{"rendered":"http:\/\/blogs.diariosur.es\/-que-le-compro-\/?p=4028"},"modified":"2016-11-03T15:22:38","modified_gmt":"2016-11-03T14:22:38","slug":"outlet-malaga-mercadillos-noviembre-moda","status":"publish","type":"post","link":"https:\/\/blogs.diariosur.es\/-que-le-compro-\/2016\/11\/03\/outlet-malaga-mercadillos-noviembre-moda\/","title":{"rendered":"Outlets y showrooms extra en la agenda de mercadillos"},"content":{"rendered":"<p>Ya est\u00e1 aqu\u00ed el fin de semana, y la primera agenda de compras de este mes de noviembre llega a tope, porque a los habituales mercadillos artesanales se unen varias citas interesantes.<br \/>\nPor un lado, hasta el viernes la dise\u00f1adora flamenca <strong>Melisa Lozano<\/strong> organiza un outlet en el que se podr\u00e1n encontrar algunos de sus modelos con atractivos descuentos. La cita es la calle San Rafael 19 de Fuengirola en horario de ma\u00f1ana y tarde.<\/p>\n<p>Y al ser este d\u00eda 4 el primer viernes del mes llega el rastro cultural de <strong>La T\u00e9rmica<\/strong>, que ya sab\u00e9is que cambi\u00f3 de horario en esta nueva temporada y ahora se celebra de noche, desde las siete de la tarde a las 00 horas. En sus 40 puestos, los visitantes encontrar\u00e1n ilustraciones y grabados, antig\u00fcedades, juguetes vintage, vinilos, cd&#8217;s y casettes, marcas de ropa y complementos o puestos de cer\u00e1mica, y merchandising, entre otros. Adem\u00e1s, la gastronom\u00eda de Orgullo Campero estar\u00e1 presente una vez m\u00e1s para que el p\u00fablico pueda consumir bebidas y camperos malague\u00f1os.Entre las actividades de este viernes estar\u00e1 el Roller Parking, na celebraci\u00f3n para desempolvar los patines y disfrutar de una verdadera pista disco con la proyecci\u00f3n de la pel\u00edcula Roller Boogie, la animaci\u00f3n de Kelly Roller y m\u00fasica en directo.<\/p>\n<div id=\"attachment_4031\" style=\"width: 550px\" class=\"wp-caption aligncenter\"><a href=\"\/-que-le-compro-\/wp-content\/uploads\/sites\/19\/2016\/11\/termica-patinaje.jpg\"><img aria-describedby=\"caption-attachment-4031\" loading=\"lazy\" class=\"size-full wp-image-4031\" title=\"Patinaje en el rastro cultural de La T\u00e9rmica\" src=\"\/-que-le-compro-\/wp-content\/uploads\/sites\/19\/2016\/11\/termica-patinaje.jpg\" alt=\"Patinaje en el rastro cultural de La T\u00e9rmica\" width=\"540\" height=\"360\" srcset=\"https:\/\/static-blogs.diariosur.es\/wp-content\/uploads\/sites\/19\/2016\/11\/termica-patinaje.jpg 540w, https:\/\/static-blogs.diariosur.es\/wp-content\/uploads\/sites\/19\/2016\/11\/termica-patinaje-300x200.jpg 300w\" sizes=\"(max-width: 540px) 100vw, 540px\" \/><\/a><p id=\"caption-attachment-4031\" class=\"wp-caption-text\">Patinaje en el rastro cultural de La T\u00e9rmica<\/p><\/div>\n<p>Por otro lado, el espect\u00e1culo Lindy Hop y taller abierto con M\u00e1laga Swing comenzar\u00e1 a las 19.30 horas y el British Council, como socio cultural de la British Academy of Film and Television Arts (Bafta), vuelve a presentar los Bafta Short Film Nominees en La T\u00e9rmica, un programa dedicado a la promoci\u00f3n de los mejores cortometrajes brit\u00e1nicos. Para completar, habr\u00e1 un concierto de Las Bistecs a las 20.30 horas<\/p>\n<p><a href=\"\/-que-le-compro-\/wp-content\/uploads\/sites\/19\/2016\/11\/agenda-malahierba.jpg\"><img loading=\"lazy\" class=\"aligncenter size-full wp-image-4029\" title=\"Venta especial de Malahierba en M\u00e1laga, 5 de noviembre\" src=\"\/-que-le-compro-\/wp-content\/uploads\/sites\/19\/2016\/11\/agenda-malahierba.jpg\" alt=\"Venta especial de Malahierba en M\u00e1laga, 5 de noviembre\" width=\"540\" height=\"540\" srcset=\"https:\/\/static-blogs.diariosur.es\/wp-content\/uploads\/sites\/19\/2016\/11\/agenda-malahierba.jpg 540w, https:\/\/static-blogs.diariosur.es\/wp-content\/uploads\/sites\/19\/2016\/11\/agenda-malahierba-150x150.jpg 150w, https:\/\/static-blogs.diariosur.es\/wp-content\/uploads\/sites\/19\/2016\/11\/agenda-malahierba-300x300.jpg 300w\" sizes=\"(max-width: 540px) 100vw, 540px\" \/><\/a><\/p>\n<p>Adem\u00e1s, el s\u00e1bado la firma barcelonesa <strong>Malahierba<\/strong> organiza tambi\u00e9n en M\u00e1laga una venta especial con prendas desde 15 euros. Ser\u00e1 en la sede del estudio La madre de los Beatles, en M\u00e1laga capital, concretamente en la c\u00e9ntrica calle Carreter\u00eda 79, 1\u00baD. El horario: de 11 a 21 horas. Entrada gratuita.<\/p>\n<p>Y tambi\u00e9n este d\u00eda habr\u00e1 un <strong>showroom en La Tortuga (Pedregalejo)<\/strong> si la lluvia no lo vuelve a impedir desde las 12.30 en el que participar\u00e1n varias marcas malague\u00f1as como son<strong> Varal, Vikloria con K, Eme Ele, Maltessa Eyewear, Igala, Love and Soft, Caetano Bonaccorso y Kekuco <\/strong>&#8230;<\/p>\n<div id=\"attachment_4033\" style=\"width: 550px\" class=\"wp-caption aligncenter\"><a href=\"\/-que-le-compro-\/wp-content\/uploads\/sites\/19\/2016\/11\/agenda-tortuga.jpg\"><img aria-describedby=\"caption-attachment-4033\" loading=\"lazy\" src=\"\/-que-le-compro-\/wp-content\/uploads\/sites\/19\/2016\/11\/agenda-tortuga.jpg\" alt=\"Firmas malague\u00f1as reunidas este s\u00e1bado en Pedregalejo\" title=\"Firmas malague\u00f1as reunidas este s\u00e1bado en Pedregalejo\" width=\"540\" height=\"675\" class=\"size-full wp-image-4033\" srcset=\"https:\/\/static-blogs.diariosur.es\/wp-content\/uploads\/sites\/19\/2016\/11\/agenda-tortuga.jpg 540w, https:\/\/static-blogs.diariosur.es\/wp-content\/uploads\/sites\/19\/2016\/11\/agenda-tortuga-240x300.jpg 240w\" sizes=\"(max-width: 540px) 100vw, 540px\" \/><\/a><p id=\"caption-attachment-4033\" class=\"wp-caption-text\">Firmas malague\u00f1as reunidas este s\u00e1bado en Pedregalejo<\/p><\/div>\n<p>Como &#8216;extra&#8217; este d\u00eda se une el <strong>mercadillo ben\u00e9fico &#8216;Las estaciones del arte<\/strong>&#8216;, que se celebrar\u00e1 en el pasaje Esperanto de la capital de 10 a 19 horas, organizado por la Asociaci\u00f3n andaluza entre carretes e hilos. Habr\u00e1 m\u00fasica, exhibiciones de manualidades y costura y tambi\u00e9n actuaciones musicales, teatro y flamenco, junto a un desfile de moda flamenca. Se podr\u00e1 disfrutar de paella y una barra en la que reponer fuerzas. La recaudaci\u00f3n se destinar\u00e1 a la asociaci\u00f3n Avoi.<\/p>\n<p>En cuanto a las citas habituales, este s\u00e1bado toca ir a la calle Tom\u00e1s Heredia para disfrutar del ingenio local reunido en el <strong>Made in Soho<\/strong>, que podr\u00e1 disfrutarse de 10 a 18 horas con mucho donde \u2018bichear\u2019 entre los stands de decoraci\u00f3n, regalos, alimentaci\u00f3n, complementos\u2026 como todos los s\u00e1bados primeros del mes. Paralelamente, de 12 a 18 horas habr\u00e1 <strong>muestra de artesan\u00eda en La Invisible<\/strong> (entrada gratis por la calle Andr\u00e9s P\u00e9rez 8).<\/p>\n<div id=\"attachment_4032\" style=\"width: 550px\" class=\"wp-caption aligncenter\"><a href=\"\/-que-le-compro-\/wp-content\/uploads\/sites\/19\/2016\/11\/agenda-lapices.jpg\"><img aria-describedby=\"caption-attachment-4032\" loading=\"lazy\" src=\"\/-que-le-compro-\/wp-content\/uploads\/sites\/19\/2016\/11\/agenda-lapices.jpg\" alt=\"Artesan\u00eda en Made in Soho, este s\u00e1bado\" title=\"Artesan\u00eda en Made in Soho, este s\u00e1bado\" width=\"540\" height=\"540\" class=\"size-full wp-image-4032\" srcset=\"https:\/\/static-blogs.diariosur.es\/wp-content\/uploads\/sites\/19\/2016\/11\/agenda-lapices.jpg 540w, https:\/\/static-blogs.diariosur.es\/wp-content\/uploads\/sites\/19\/2016\/11\/agenda-lapices-150x150.jpg 150w, https:\/\/static-blogs.diariosur.es\/wp-content\/uploads\/sites\/19\/2016\/11\/agenda-lapices-300x300.jpg 300w\" sizes=\"(max-width: 540px) 100vw, 540px\" \/><\/a><p id=\"caption-attachment-4032\" class=\"wp-caption-text\">Artesan\u00eda en Made in Soho, este s\u00e1bado<\/p><\/div>\n<p>El domingo, al ser el primer domingo del mes, tocar\u00e1 ir a <strong>Huelin<\/strong> para poder ver el bazar organizado por M\u00e1laga es Arte en el Paseo Mar\u00edtimo Antonio Banderas, que de 10 a 15 horas exhibir\u00e1 tambi\u00e9n originales art\u00edculos de bisuter\u00eda, complementos o moda. Y adem\u00e1s, Zoco en Muelle Uno de 11 a 18 horas.<\/p>\n<p>\u00a1Buen fin de semana!<\/p>\n","protected":false},"excerpt":{"rendered":"<p>Ya est\u00e1 aqu\u00ed el fin de semana, y la primera agenda de compras de este mes de noviembre llega a tope, porque a los habituales mercadillos artesanales se unen varias citas interesantes. Por un lado, hasta el viernes la dise\u00f1adora flamenca Melisa Lozano organiza un outlet en el que se podr\u00e1n encontrar algunos de sus [&hellip;]<\/p>\n","protected":false},"author":24,"featured_media":0,"comment_status":"open","ping_status":"open","sticky":false,"template":"","format":"standard","meta":[],"categories":[4,6],"tags":[264,513,1245,1682,1827,1921,1922,2000,2035,2055,2068,2072,2160,2185,2283,2755,3124,3839,3890,3972],"_links":{"self":[{"href":"https:\/\/blogs.diariosur.es\/-que-le-compro-\/wp-json\/wp\/v2\/posts\/4028"}],"collection":[{"href":"https:\/\/blogs.diariosur.es\/-que-le-compro-\/wp-json\/wp\/v2\/posts"}],"about":[{"href":"https:\/\/blogs.diariosur.es\/-que-le-compro-\/wp-json\/wp\/v2\/types\/post"}],"author":[{"embeddable":true,"href":"https:\/\/blogs.diariosur.es\/-que-le-compro-\/wp-json\/wp\/v2\/users\/24"}],"replies":[{"embeddable":true,"href":"https:\/\/blogs.diariosur.es\/-que-le-compro-\/wp-json\/wp\/v2\/comments?post=4028"}],"version-history":[{"count":0,"href":"https:\/\/blogs.diariosur.es\/-que-le-compro-\/wp-json\/wp\/v2\/posts\/4028\/revisions"}],"wp:attachment":[{"href":"https:\/\/blogs.diariosur.es\/-que-le-compro-\/wp-json\/wp\/v2\/media?parent=4028"}],"wp:term":[{"taxonomy":"category","embeddable":true,"href":"https:\/\/blogs.diariosur.es\/-que-le-compro-\/wp-json\/wp\/v2\/categories?post=4028"},{"taxonomy":"post_tag","embeddable":true,"href":"https:\/\/blogs.diariosur.es\/-que-le-compro-\/wp-json\/wp\/v2\/tags?post=4028"}],"curies":[{"name":"wp","href":"https:\/\/api.w.org\/{rel}","templated":true}]}}