{"id":4041,"date":"2016-11-10T12:03:09","date_gmt":"2016-11-10T11:03:09","guid":{"rendered":"http:\/\/blogs.diariosur.es\/-que-le-compro-\/?p=4041"},"modified":"2016-11-10T12:03:09","modified_gmt":"2016-11-10T11:03:09","slug":"mercadillos-singles-day-malaga-agenda","status":"publish","type":"post","link":"https:\/\/blogs.diariosur.es\/-que-le-compro-\/2016\/11\/10\/mercadillos-singles-day-malaga-agenda\/","title":{"rendered":"Libros y solidaridad en la agenda de mercadillos"},"content":{"rendered":"<p>Es dif\u00edcil, pero no hay dos agendas de mercadillos iguales cada fin de semana en M\u00e1laga, as\u00ed que por suerte siempre tenemos novedades donde elegir. Esta vez se incorporan los libros a la ruta de shopping. S\u00ed, como le\u00e9is. Por un lado, este viernes se celebra el <strong>D\u00eda de las Librer\u00edas<\/strong> en toda Espa\u00f1a, y habr\u00e1 descuentos del 5%, un horario especial y actividades. <a href=\"https:\/\/blogs.diariosur.es\/-que-le-compro-\/2016\/11\/09\/dia-librerias-actividades-singles-day\/\">Aqu\u00ed os cuento m\u00e1s.<\/a><\/p>\n<p>Adem\u00e1s, este s\u00e1bado se celebra en la biblioteca p\u00fablica de <a href=\"https:\/\/blogs.diariosur.es\/-que-le-compro-\/2016\/10\/31\/mercadillo-solidario-libros-cudeca\/\">Arroyo de la Miel celebra un mercadillo solidario de libros<\/a> cuya recaudaci\u00f3n se destinar\u00e1 \u00a0a la asociaci\u00f3n Cudeca. La cita es en la puerta de este centro (camino del Prado 6) y el horario de 10 a 14 horas.<\/p>\n<div id=\"attachment_4043\" style=\"width: 550px\" class=\"wp-caption aligncenter\"><a href=\"\/-que-le-compro-\/wp-content\/uploads\/sites\/19\/2016\/11\/agenda-pulseras.jpg\"><img aria-describedby=\"caption-attachment-4043\" loading=\"lazy\" class=\"size-full wp-image-4043\" title=\"Pulseras de Marich\u00e9 Abalorios en La Temporal el viernes\" src=\"\/-que-le-compro-\/wp-content\/uploads\/sites\/19\/2016\/11\/agenda-pulseras.jpg\" alt=\"Pulseras de Marich\u00e9 Abalorios en La Temporal el viernes\" width=\"540\" height=\"540\" srcset=\"https:\/\/static-blogs.diariosur.es\/wp-content\/uploads\/sites\/19\/2016\/11\/agenda-pulseras.jpg 540w, https:\/\/static-blogs.diariosur.es\/wp-content\/uploads\/sites\/19\/2016\/11\/agenda-pulseras-150x150.jpg 150w, https:\/\/static-blogs.diariosur.es\/wp-content\/uploads\/sites\/19\/2016\/11\/agenda-pulseras-300x300.jpg 300w\" sizes=\"(max-width: 540px) 100vw, 540px\" \/><\/a><p id=\"caption-attachment-4043\" class=\"wp-caption-text\">Pulseras de Marich\u00e9 Abalorios en La Temporal el viernes<\/p><\/div>\n<p>Y adem\u00e1s de la celebraci\u00f3n del <strong><a href=\"http:\/\/www.diariosur.es\/sociedad\/201611\/08\/rebajas-singles-day-20161104143041.html\" rel=\"external nofollow\">Singles Day<\/a><\/strong>, en M\u00e1laga este viernes 11 tendremos una nueva pop up de <strong>La Temporal<\/strong>, en la que se podr\u00e1n ver las creaciones de\u00a0Marich\u00e9 Abalorios, Manuela Fuster complementos y Nany Ca\u00f1as Infantes. Ya sab\u00e9is, en la calle Bolsa 3, 1\u00ba2, con entrada gratis. De 12 a 21 horas como siempre,en el Centro de M\u00e1laga capital. En esta ocasi\u00f3n adem\u00e1s acoger\u00e1n la <strong>presentaci\u00f3n de la marca prenda.<\/strong> y su nueva colecci\u00f3n.<\/p>\n<p>Tambi\u00e9n este viernes arranca el <strong>rastrillo solidario de Fuengirola<\/strong>, donde se recaudar\u00e1n fondos hasta el domingo para 15 asociaciones de la localidad. Se podr\u00e1 visitar \u00a0el viernes desde las 17.00 hasta las 22.00 horas, el s\u00e1bado de 11 a 22 horas \u00a0y el domingo de 11.00 a 20.00 horas en la plaza de la Constituci\u00f3n. Entre las entidades que participan figuran la Asociaci\u00f3n de Familiares de Enfermos de Alzheimer (AFA), Asociaci\u00f3n Espa\u00f1ola contra el C\u00e1ncer (AECC), Cooperaci\u00f3n Honduras, Mujeres en Igualdad, Mujeres Internacional Costa del Sol, Asociaci\u00f3n de Mujeres con Fibromialgia, Asociaci\u00f3n de Voluntarios de Oncolog\u00eda Infantil (AVOI), Cuidados del C\u00e1ncer (Cudeca), Adintre, Red Madre, Afesol, C\u00e1ritas del Rosario, C\u00e1ritas de San Jos\u00e9, Lunasol y Cruz Roja.<\/p>\n<div id=\"attachment_4045\" style=\"width: 550px\" class=\"wp-caption aligncenter\"><a href=\"\/-que-le-compro-\/wp-content\/uploads\/sites\/19\/2016\/11\/navidad-miramar.jpg\"><img aria-describedby=\"caption-attachment-4045\" loading=\"lazy\" class=\"size-full wp-image-4045\" title=\"Inauguraci\u00f3n de la Navidad en el Miramar\" src=\"\/-que-le-compro-\/wp-content\/uploads\/sites\/19\/2016\/11\/navidad-miramar.jpg\" alt=\"Inauguraci\u00f3n de la Navidad en el Miramar\" width=\"540\" height=\"540\" srcset=\"https:\/\/static-blogs.diariosur.es\/wp-content\/uploads\/sites\/19\/2016\/11\/navidad-miramar.jpg 540w, https:\/\/static-blogs.diariosur.es\/wp-content\/uploads\/sites\/19\/2016\/11\/navidad-miramar-150x150.jpg 150w, https:\/\/static-blogs.diariosur.es\/wp-content\/uploads\/sites\/19\/2016\/11\/navidad-miramar-300x300.jpg 300w\" sizes=\"(max-width: 540px) 100vw, 540px\" \/><\/a><p id=\"caption-attachment-4045\" class=\"wp-caption-text\">Inauguraci\u00f3n de la Navidad en el Miramar<\/p><\/div>\n<p>Y seguimos en Fuengirola, porque tambi\u00e9n este viernes llegar\u00e1 la <strong>Navidad al centro comercial Miramar<\/strong> con el encendido de luces de la Casa de Pap\u00e1 Noel, en la planta terraza. A las siete de la tarde \u00a0comenzar\u00e1 el desfile donde m\u00fasicos y zancudos, elfos y mascotas soldaditos, recorrer\u00e1n la planta baja y desfilar\u00e1n al ritmo de la m\u00fasica hacia la terraza. Todos ellos bailar\u00e1n y repartir\u00e1n caramelos a los m\u00e1s peque\u00f1os, quienes tendr\u00e1n la oportunidad de saludarles personalmente. Despu\u00e9s la banda de m\u00fasica cantar\u00e1 canciones navide\u00f1as en el escenario montado para la ocasi\u00f3n. Los elfos y las mascotas soldadito bailar\u00e1n e interactuar\u00e1n con el p\u00fablico hasta que llegue Pap\u00e1 No\u00e9l y realice la cuenta atr\u00e1s para el encendido de luces de la Navidad.\u00a0\u00a0Adem\u00e1s de una pista de hielo, este a\u00f1o en el poblado de Pap\u00e1 No\u00e9l habr\u00e1 una jaima donde los Reyes Magos atender\u00e1n a los peque\u00f1os de la casa, la Plaza de la Nieve donde cada hora se proyecta nieve artificial para que los ni\u00f1os disfruten y Muchas actividades de ocio, entre las que se encuentran un tren de la navidad que recorre la planta terraza<\/p>\n<p>&nbsp;<\/p>\n<div id=\"attachment_4042\" style=\"width: 550px\" class=\"wp-caption aligncenter\"><a href=\"\/-que-le-compro-\/wp-content\/uploads\/sites\/19\/2016\/11\/agenda-ecologico.jpg\"><img aria-describedby=\"caption-attachment-4042\" loading=\"lazy\" class=\"size-full wp-image-4042\" title=\"Mercadillo ecol\u00f3gico en La Malagueta, este s\u00e1bado\" src=\"\/-que-le-compro-\/wp-content\/uploads\/sites\/19\/2016\/11\/agenda-ecologico.jpg\" alt=\"Mercadillo ecol\u00f3gico en La Malagueta, este s\u00e1bado\" width=\"540\" height=\"304\" srcset=\"https:\/\/static-blogs.diariosur.es\/wp-content\/uploads\/sites\/19\/2016\/11\/agenda-ecologico.jpg 540w, https:\/\/static-blogs.diariosur.es\/wp-content\/uploads\/sites\/19\/2016\/11\/agenda-ecologico-300x169.jpg 300w\" sizes=\"(max-width: 540px) 100vw, 540px\" \/><\/a><p id=\"caption-attachment-4042\" class=\"wp-caption-text\">Mercadillo ecol\u00f3gico en La Malagueta, este s\u00e1bado<\/p><\/div>\n<p>El s\u00e1bado, de nuevo en M\u00e1laga capital toca cita con la alimentaci\u00f3n m\u00e1s saludable de la mano de la asociaci\u00f3n <strong>Guadalhorce Ecol\u00f3gico<\/strong>, que instalar\u00e1 su mercadillo en el Paseo de Reding, junto a la plaza de toros de La Malagueta, de 10 a 14 horas.<\/p>\n<p>Y para completar, <strong>Zoco en Muelle Uno<\/strong> el domingo de 11 a 18 horas.<\/p>\n<p>\u00a1Buen fin de semana!<\/p>\n<p>&nbsp;<\/p>\n<p>&nbsp;<\/p>\n<p>&nbsp;<\/p>\n","protected":false},"excerpt":{"rendered":"<p>Es dif\u00edcil, pero no hay dos agendas de mercadillos iguales cada fin de semana en M\u00e1laga, as\u00ed que por suerte siempre tenemos novedades donde elegir. Esta vez se incorporan los libros a la ruta de shopping. S\u00ed, como le\u00e9is. Por un lado, este viernes se celebra el D\u00eda de las Librer\u00edas en toda Espa\u00f1a, y [&hellip;]<\/p>\n","protected":false},"author":24,"featured_media":0,"comment_status":"open","ping_status":"open","sticky":false,"template":"","format":"standard","meta":[],"categories":[2,3,4,5,6,7],"tags":[164,699,1096,1584,1914,2090,2114,2615,2622,3004,3108,3972],"_links":{"self":[{"href":"https:\/\/blogs.diariosur.es\/-que-le-compro-\/wp-json\/wp\/v2\/posts\/4041"}],"collection":[{"href":"https:\/\/blogs.diariosur.es\/-que-le-compro-\/wp-json\/wp\/v2\/posts"}],"about":[{"href":"https:\/\/blogs.diariosur.es\/-que-le-compro-\/wp-json\/wp\/v2\/types\/post"}],"author":[{"embeddable":true,"href":"https:\/\/blogs.diariosur.es\/-que-le-compro-\/wp-json\/wp\/v2\/users\/24"}],"replies":[{"embeddable":true,"href":"https:\/\/blogs.diariosur.es\/-que-le-compro-\/wp-json\/wp\/v2\/comments?post=4041"}],"version-history":[{"count":0,"href":"https:\/\/blogs.diariosur.es\/-que-le-compro-\/wp-json\/wp\/v2\/posts\/4041\/revisions"}],"wp:attachment":[{"href":"https:\/\/blogs.diariosur.es\/-que-le-compro-\/wp-json\/wp\/v2\/media?parent=4041"}],"wp:term":[{"taxonomy":"category","embeddable":true,"href":"https:\/\/blogs.diariosur.es\/-que-le-compro-\/wp-json\/wp\/v2\/categories?post=4041"},{"taxonomy":"post_tag","embeddable":true,"href":"https:\/\/blogs.diariosur.es\/-que-le-compro-\/wp-json\/wp\/v2\/tags?post=4041"}],"curies":[{"name":"wp","href":"https:\/\/api.w.org\/{rel}","templated":true}]}}