{"id":4046,"date":"2016-11-17T13:12:49","date_gmt":"2016-11-17T12:12:49","guid":{"rendered":"http:\/\/blogs.diariosur.es\/-que-le-compro-\/?p=4046"},"modified":"2016-11-17T13:12:49","modified_gmt":"2016-11-17T12:12:49","slug":"mercadillos-malaga-moda-descuentos-prenatal","status":"publish","type":"post","link":"https:\/\/blogs.diariosur.es\/-que-le-compro-\/2016\/11\/17\/mercadillos-malaga-moda-descuentos-prenatal\/","title":{"rendered":"Moda en la agenda de mercadillos y descuentos del Black Friday"},"content":{"rendered":"<p>Ya est\u00e1 aqu\u00ed el fin de semana, y si estabais pensando en dar una vuelta por los mercadillos, tomad nota porque la agenda viene llega bastante completa una vez m\u00e1s. \u00a0La ruta arranca este viernes, como casi siempre, en el Centro de M\u00e1laga. Ser\u00e1 con la pop up de La Temporal, que ser\u00e1 de 12 a 21 horas en sus instalaciones de calle Bolsa 3, 1\u00ba2. En esta ocasi\u00f3n all\u00ed se podr\u00e1n ver los trabajos de<br \/>\n<strong>La habitaci\u00f3n de Kate, Nany Ca\u00f1as Infantes, Twyggi Shop y Prenda<\/strong>, as\u00ed que la moda, la decoraci\u00f3n y los complementos ser\u00e1n los protagonistas.<\/p>\n<div id=\"attachment_4047\" style=\"width: 550px\" class=\"wp-caption aligncenter\"><a href=\"\/-que-le-compro-\/wp-content\/uploads\/sites\/19\/2016\/11\/agenda-kate.jpg\"><img aria-describedby=\"caption-attachment-4047\" loading=\"lazy\" class=\"size-full wp-image-4047\" title=\"La habitaci\u00f3n de Kate, en La Temporal el viernes 18\" src=\"\/-que-le-compro-\/wp-content\/uploads\/sites\/19\/2016\/11\/agenda-kate.jpg\" alt=\"La habitaci\u00f3n de Kate, en La Temporal el viernes 18\" width=\"540\" height=\"540\" srcset=\"https:\/\/static-blogs.diariosur.es\/wp-content\/uploads\/sites\/19\/2016\/11\/agenda-kate.jpg 540w, https:\/\/static-blogs.diariosur.es\/wp-content\/uploads\/sites\/19\/2016\/11\/agenda-kate-150x150.jpg 150w, https:\/\/static-blogs.diariosur.es\/wp-content\/uploads\/sites\/19\/2016\/11\/agenda-kate-300x300.jpg 300w\" sizes=\"(max-width: 540px) 100vw, 540px\" \/><\/a><p id=\"caption-attachment-4047\" class=\"wp-caption-text\">La habitaci\u00f3n de Kate, en La Temporal el viernes 18<\/p><\/div>\n<p>El s\u00e1bado 19 toca seguir por el Centro, porque la asociaci\u00f3n <strong>Artesanxs Invisibles<\/strong> celebra su muestra artesanal en el patio de La Invisible. Ya sab\u00e9is que se entra por la calle Andr\u00e9s P\u00e9rez 8 libremente y que se podr\u00e1n ver interesantes trabajos en accesorios, moda, complementos o decoraci\u00f3n de 12 a 18 horas.<\/p>\n<div id=\"attachment_4048\" style=\"width: 550px\" class=\"wp-caption aligncenter\"><a href=\"\/-que-le-compro-\/wp-content\/uploads\/sites\/19\/2016\/11\/agenda-invisible.jpg\"><img aria-describedby=\"caption-attachment-4048\" loading=\"lazy\" class=\"size-full wp-image-4048\" title=\"Arte y artesan\u00eda en La Invisible este s\u00e1bado\" src=\"\/-que-le-compro-\/wp-content\/uploads\/sites\/19\/2016\/11\/agenda-invisible.jpg\" alt=\"Arte y artesan\u00eda en La Invisible este s\u00e1bado\" width=\"540\" height=\"367\" srcset=\"https:\/\/static-blogs.diariosur.es\/wp-content\/uploads\/sites\/19\/2016\/11\/agenda-invisible.jpg 540w, https:\/\/static-blogs.diariosur.es\/wp-content\/uploads\/sites\/19\/2016\/11\/agenda-invisible-300x204.jpg 300w\" sizes=\"(max-width: 540px) 100vw, 540px\" \/><\/a><p id=\"caption-attachment-4048\" class=\"wp-caption-text\">Arte y artesan\u00eda en La Invisible este s\u00e1bado<\/p><\/div>\n<p>Y el domingo toca \u00a0mercadillo de M\u00e1laga es Arte en el <strong>paseo mar\u00edtimo Antonio Banderas de Huelin<\/strong> donde se podr\u00e1n visitar a pie de playa de 10 a 15 horas decenas de stands tambi\u00e9n con interesantes objetos de decoraci\u00f3n, complementos, moda para mayores y peque\u00f1os&#8230;<\/p>\n<p>Adem\u00e1s, el pr\u00f3ximo viernes 25 es el <strong>Black Friday<\/strong> (del que hablaremos en detalle en unos d\u00edas) pero ya hay tiendas que se adelantan a los descuentos y por ejemplo <strong>Prenatal<\/strong> celebra sus D\u00edas sin IVA del viernes 17 al domingo 19, por lo que anuncian que se podr\u00e1n adquirir miles de art\u00edculos con rebajas de 21%.<\/p>\n<p>\u00a1Buen fin de semana!<\/p>\n<p>&nbsp;<\/p>\n","protected":false},"excerpt":{"rendered":"<p>Ya est\u00e1 aqu\u00ed el fin de semana, y si estabais pensando en dar una vuelta por los mercadillos, tomad nota porque la agenda viene llega bastante completa una vez m\u00e1s. \u00a0La ruta arranca este viernes, como casi siempre, en el Centro de M\u00e1laga. Ser\u00e1 con la pop up de La Temporal, que ser\u00e1 de 12 [&hellip;]<\/p>\n","protected":false},"author":24,"featured_media":0,"comment_status":"open","ping_status":"open","sticky":false,"template":"","format":"standard","meta":[],"categories":[4,6,7,8],"tags":[264,439,1063,1878,2254,2615,2976,3004,3806],"_links":{"self":[{"href":"https:\/\/blogs.diariosur.es\/-que-le-compro-\/wp-json\/wp\/v2\/posts\/4046"}],"collection":[{"href":"https:\/\/blogs.diariosur.es\/-que-le-compro-\/wp-json\/wp\/v2\/posts"}],"about":[{"href":"https:\/\/blogs.diariosur.es\/-que-le-compro-\/wp-json\/wp\/v2\/types\/post"}],"author":[{"embeddable":true,"href":"https:\/\/blogs.diariosur.es\/-que-le-compro-\/wp-json\/wp\/v2\/users\/24"}],"replies":[{"embeddable":true,"href":"https:\/\/blogs.diariosur.es\/-que-le-compro-\/wp-json\/wp\/v2\/comments?post=4046"}],"version-history":[{"count":0,"href":"https:\/\/blogs.diariosur.es\/-que-le-compro-\/wp-json\/wp\/v2\/posts\/4046\/revisions"}],"wp:attachment":[{"href":"https:\/\/blogs.diariosur.es\/-que-le-compro-\/wp-json\/wp\/v2\/media?parent=4046"}],"wp:term":[{"taxonomy":"category","embeddable":true,"href":"https:\/\/blogs.diariosur.es\/-que-le-compro-\/wp-json\/wp\/v2\/categories?post=4046"},{"taxonomy":"post_tag","embeddable":true,"href":"https:\/\/blogs.diariosur.es\/-que-le-compro-\/wp-json\/wp\/v2\/tags?post=4046"}],"curies":[{"name":"wp","href":"https:\/\/api.w.org\/{rel}","templated":true}]}}