{"id":4065,"date":"2016-12-02T12:05:56","date_gmt":"2016-12-02T11:05:56","guid":{"rendered":"http:\/\/blogs.diariosur.es\/-que-le-compro-\/?p=4065"},"modified":"2016-12-02T12:05:56","modified_gmt":"2016-12-02T11:05:56","slug":"mercadillos-navidad-malaga-diciembre-4","status":"publish","type":"post","link":"https:\/\/blogs.diariosur.es\/-que-le-compro-\/2016\/12\/02\/mercadillos-navidad-malaga-diciembre-4\/","title":{"rendered":"Primeros bazares navide\u00f1os en la agenda de mercadillos"},"content":{"rendered":"<p>La lluvia anul\u00f3 gran parte de la agenda de mercadillos de este fin de semana, y desgraciadamente parece que la historia va a repetirse de nuevo. Esperemos que no porque al ser el primer &#8216;finde&#8217; de diciembre hay programadas una larga listas de citas con la artesan\u00eda local y la moda bastante interesante. Por ahora ya se sabe que el mercadillo de la Escuela Waldorf El Farol y el Made in Soho, previstos para este s\u00e1bado, se pasan al pr\u00f3ximo d\u00eda 17. Y al pie del ca\u00f1\u00f3n est\u00e1n ya, pese a la meteorolog\u00eda, los tradicionales <strong>Puestos de Navidad en el Paseo del Parque<\/strong>, (en M\u00e1laga capital) que tradicionalmente en torno a estas fechas abren siempre.<br \/>\nTambi\u00e9n otro cl\u00e1sico del puente de diciembre en M\u00e1laga es el Rastrillo de Nuevo Futuro, pero este a\u00f1o cambia de fecha y escenario, y se celebrar\u00e1 a mitad de mes en la plaza de toros La Malagueta, por lo que en unos d\u00edas os dar\u00e9 m\u00e1s detalles.<\/p>\n<div id=\"attachment_4066\" style=\"width: 550px\" class=\"wp-caption aligncenter\"><a href=\"\/-que-le-compro-\/wp-content\/uploads\/sites\/19\/2016\/12\/agenda-collares.jpg\"><img aria-describedby=\"caption-attachment-4066\" loading=\"lazy\" class=\"size-full wp-image-4066\" title=\"Collares y m\u00e1s complementos en La Temporal\" src=\"\/-que-le-compro-\/wp-content\/uploads\/sites\/19\/2016\/12\/agenda-collares.jpg\" alt=\"Collares y m\u00e1s complementos en La Temporal\" width=\"540\" height=\"359\" srcset=\"https:\/\/static-blogs.diariosur.es\/wp-content\/uploads\/sites\/19\/2016\/12\/agenda-collares.jpg 540w, https:\/\/static-blogs.diariosur.es\/wp-content\/uploads\/sites\/19\/2016\/12\/agenda-collares-300x199.jpg 300w\" sizes=\"(max-width: 540px) 100vw, 540px\" \/><\/a><p id=\"caption-attachment-4066\" class=\"wp-caption-text\">Collares y m\u00e1s complementos en La Temporal<\/p><\/div>\n<p>La agenda la abrir\u00e1 como es habitual la pop up de <strong>La Temporal<\/strong>, que este viernes de 12 a 21 horas mostrar\u00e1 las creaciones de Os By Noelia, Nani Ca\u00f1as \u00a0o Alpaca Complementos. Ya sab\u00e9is, est\u00e1n en la calle Bolsa 3, 1\u00ba2, en pleno Centro de M\u00e1laga capital.<br \/>\nPor la tarde, desde las 19 horas hasta la medianoche llegar\u00e1 el Rastro Cultural a La T\u00e9rmica, con decenas de expositores con objetos y colecciones de decoraci\u00f3n, ilustraci\u00f3n y grabados, antig\u00fcedades, juguetes vintage, vinilos, cd\u2019s y casettes, marcas de ropa y complementos, puestos de cer\u00e1mica, y merchandising, entre otros. Adem\u00e1s, entre las actividades paralelas figuran el Roller Parking, para los amantes de los patines, el espect\u00e1culo Lindy Hop y taller abierto con M\u00e1laga Swing, los cortometrajes que se podr\u00e1n ver a partir de las ocho de la tarde en distintas salas y la actuaci\u00f3n del cuarteto Cuarteto de cuerda Lehmberg. Como broche final, a partir de las 21.30 horas habr\u00e1 una sesi\u00f3n en directo con el DJ Amable.<\/p>\n<div id=\"attachment_4068\" style=\"width: 550px\" class=\"wp-caption aligncenter\"><a href=\"\/-que-le-compro-\/wp-content\/uploads\/sites\/19\/2016\/12\/agenda-termica.jpg\"><img aria-describedby=\"caption-attachment-4068\" loading=\"lazy\" class=\"size-full wp-image-4068\" title=\"Rastro nocturno cultural en La T\u00e9rmica este viernes\" src=\"\/-que-le-compro-\/wp-content\/uploads\/sites\/19\/2016\/12\/agenda-termica.jpg\" alt=\"Rastro nocturno cultural en La T\u00e9rmica este viernes\" width=\"540\" height=\"360\" srcset=\"https:\/\/static-blogs.diariosur.es\/wp-content\/uploads\/sites\/19\/2016\/12\/agenda-termica.jpg 540w, https:\/\/static-blogs.diariosur.es\/wp-content\/uploads\/sites\/19\/2016\/12\/agenda-termica-300x200.jpg 300w\" sizes=\"(max-width: 540px) 100vw, 540px\" \/><\/a><p id=\"caption-attachment-4068\" class=\"wp-caption-text\">Rastro nocturno cultural en La T\u00e9rmica este viernes<\/p><\/div>\n<p>El s\u00e1bado el <strong>Aloha College<\/strong> celebra en sus instalaciones (Calle El \u00c1ngel, en Marbella) su su Bazar de Navidad anual, donde se podr\u00e1n comprar regalos y decoraciones de navidad, una gran selecci\u00f3n de pasteles, dulces y otras delicias, y probar comida internacional preparada por los padres de Aloha College. Para los ni\u00f1os habr\u00e1 juegos, pinturas para el rostro, un fant\u00e1stico Papa No\u00e9l y castillos hinchables. Tambi\u00e9n habr\u00e1 t\u00f3mbolas de bombones, dulces, botellas de vino y licores, juguetes, libros, m\u00fasica y baile, y finalizar\u00e1 con unas rifas con fant\u00e1sticos premios que han sido donados por los padres y negocios locales. El precio de la entrada es de 2 euros.<\/p>\n<div id=\"attachment_4067\" style=\"width: 550px\" class=\"wp-caption aligncenter\"><a href=\"\/-que-le-compro-\/wp-content\/uploads\/sites\/19\/2016\/12\/agenda-aloha.jpg\"><img aria-describedby=\"caption-attachment-4067\" loading=\"lazy\" class=\"size-full wp-image-4067\" title=\"Bazar de Navidad en el Aloha College, este s\u00e1bado \" src=\"\/-que-le-compro-\/wp-content\/uploads\/sites\/19\/2016\/12\/agenda-aloha.jpg\" alt=\"Bazar de Navidad en el Aloha College, este s\u00e1bado \" width=\"540\" height=\"304\" srcset=\"https:\/\/static-blogs.diariosur.es\/wp-content\/uploads\/sites\/19\/2016\/12\/agenda-aloha.jpg 540w, https:\/\/static-blogs.diariosur.es\/wp-content\/uploads\/sites\/19\/2016\/12\/agenda-aloha-300x169.jpg 300w\" sizes=\"(max-width: 540px) 100vw, 540px\" \/><\/a><p id=\"caption-attachment-4067\" class=\"wp-caption-text\">Bazar de Navidad en el Aloha College, este s\u00e1bado<\/p><\/div>\n<p>Y si la lluvia no lo impide otra vez, <strong>Rinc\u00f3n de la Victoria<\/strong>\u00a0el \u00e1rea de Comercio junto con el C\u00edrculo de Mujeres Empresarias pondr\u00e1 en marcha este domingo el I White Sunday, un evento que aunar\u00e1 una veintena de puestos donde el visitante podr\u00e1 conocer y adquirir productos y servicios con importantes ofertas y descuentos. Ser\u00e1 en la Plaza Al Andalus de la localidad desde las 10.00 hasta las 20.00 horas con actuaciones de m\u00fasica en directo de Duende Burl\u00f3n previsto para las 13.30 horas, y Marengo. Adem\u00e1s se celebrar\u00e1n actividades de animaci\u00f3n infantil y una Master Class.<\/p>\n<p>El domingo, al ser el primer domingo del mes, tocar\u00eda ir a\u00a0<strong>Huelin<\/strong>\u00a0para poder ver el bazar organizado por M\u00e1laga es Arte en el Paseo Mar\u00edtimo Antonio Banderas, pero por la lluvia se ha pasado al jueves 8 en el mismo horario, as\u00ed que de 10 a 15 horas exhibir\u00e1 originales art\u00edculos de bisuter\u00eda, complementos o moda.<\/p>\n<p>\u00a1Buen fin de semana!<br \/>\nPd. Adem\u00e1s, el martes 6 en el Parque de la Alameda de Marbella la asociaci\u00f3n Horizonte Proyecto Hombre celebrar\u00e1 su Gran Rastrillo Navide\u00f1o desde las 10 de la ma\u00f1ana y tambi\u00e9n este d\u00eda habr\u00e1 Zoco en Muelle Uno.<\/p>\n","protected":false},"excerpt":{"rendered":"<p>La lluvia anul\u00f3 gran parte de la agenda de mercadillos de este fin de semana, y desgraciadamente parece que la historia va a repetirse de nuevo. Esperemos que no porque al ser el primer &#8216;finde&#8217; de diciembre hay programadas una larga listas de citas con la artesan\u00eda local y la moda bastante interesante. Por ahora [&hellip;]<\/p>\n","protected":false},"author":24,"featured_media":0,"comment_status":"open","ping_status":"open","sticky":false,"template":"","format":"standard","meta":[],"categories":[6],"tags":[160,391,1914,2253,2284,2980,3117,3919],"_links":{"self":[{"href":"https:\/\/blogs.diariosur.es\/-que-le-compro-\/wp-json\/wp\/v2\/posts\/4065"}],"collection":[{"href":"https:\/\/blogs.diariosur.es\/-que-le-compro-\/wp-json\/wp\/v2\/posts"}],"about":[{"href":"https:\/\/blogs.diariosur.es\/-que-le-compro-\/wp-json\/wp\/v2\/types\/post"}],"author":[{"embeddable":true,"href":"https:\/\/blogs.diariosur.es\/-que-le-compro-\/wp-json\/wp\/v2\/users\/24"}],"replies":[{"embeddable":true,"href":"https:\/\/blogs.diariosur.es\/-que-le-compro-\/wp-json\/wp\/v2\/comments?post=4065"}],"version-history":[{"count":0,"href":"https:\/\/blogs.diariosur.es\/-que-le-compro-\/wp-json\/wp\/v2\/posts\/4065\/revisions"}],"wp:attachment":[{"href":"https:\/\/blogs.diariosur.es\/-que-le-compro-\/wp-json\/wp\/v2\/media?parent=4065"}],"wp:term":[{"taxonomy":"category","embeddable":true,"href":"https:\/\/blogs.diariosur.es\/-que-le-compro-\/wp-json\/wp\/v2\/categories?post=4065"},{"taxonomy":"post_tag","embeddable":true,"href":"https:\/\/blogs.diariosur.es\/-que-le-compro-\/wp-json\/wp\/v2\/tags?post=4065"}],"curies":[{"name":"wp","href":"https:\/\/api.w.org\/{rel}","templated":true}]}}