{"id":4072,"date":"2016-12-08T21:09:49","date_gmt":"2016-12-08T20:09:49","guid":{"rendered":"http:\/\/blogs.diariosur.es\/-que-le-compro-\/?p=4072"},"modified":"2016-12-08T21:09:49","modified_gmt":"2016-12-08T20:09:49","slug":"mercadillos-navidad-malaga-cancer","status":"publish","type":"post","link":"https:\/\/blogs.diariosur.es\/-que-le-compro-\/2016\/12\/08\/mercadillos-navidad-malaga-cancer\/","title":{"rendered":"Moda y navidad en la agenda de mercadillos"},"content":{"rendered":"<p>Despu\u00e9s de dos fines de semana marcados por la lluvia, esperemos que a la tercera vaya la vencida y este s\u00e1bado y domingo podamos disfrutar de las convocatorias previstas en la agenda de mercadillos, que son varias en M\u00e1laga capital.<br \/>\nAparte de los tradicionales <strong>puestos de Navidad en el Parque<\/strong>, que ya sab\u00e9is que est\u00e1n disponibles todos los d\u00edas (y durante todo el d\u00eda y buena parte de la noche) la agenda de compras arranca este viernes en <strong>La Temporal<\/strong>, que en su pop up exhibir\u00e1 los trabajos de Momo Shop, AVA Collection Rafa Rodriguez y Prenda. De 12 a 21 horas en la c\u00e9ntrica calle La Bolsa 3, 1\u00ba2.<\/p>\n<p>Y el s\u00e1bado va a haber bastante donde elegir. Por la ma\u00f1ana, los alimentos m\u00e1s sanos se podr\u00e1n adquirir de la mano de sus productores en el Paseo de Reding, junto a la plaza de toros de La Malagueta, ya que la asociaci\u00f3n <strong>Guadalhorce Ecol\u00f3gico<\/strong> organizar\u00e1 all\u00ed de 10 a 14 horas su tradicional mercadillo de cada segundo s\u00e1bado del mes.<\/p>\n<div id=\"attachment_4078\" style=\"width: 550px\" class=\"wp-caption aligncenter\"><a href=\"\/-que-le-compro-\/wp-content\/uploads\/sites\/19\/2016\/12\/agenda-ojopatio.jpg\"><img aria-describedby=\"caption-attachment-4078\" loading=\"lazy\" src=\"\/-que-le-compro-\/wp-content\/uploads\/sites\/19\/2016\/12\/agenda-ojopatio.jpg\" alt=\"Cartel anunciador del Petit festival de El ojopatio, s\u00e1bado 10\" title=\"Cartel anunciador del Petit festival de El ojopatio, s\u00e1bado 10\" width=\"540\" height=\"675\" class=\"size-full wp-image-4078\" srcset=\"https:\/\/static-blogs.diariosur.es\/wp-content\/uploads\/sites\/19\/2016\/12\/agenda-ojopatio.jpg 540w, https:\/\/static-blogs.diariosur.es\/wp-content\/uploads\/sites\/19\/2016\/12\/agenda-ojopatio-240x300.jpg 240w\" sizes=\"(max-width: 540px) 100vw, 540px\" \/><\/a><p id=\"caption-attachment-4078\" class=\"wp-caption-text\">Cartel anunciador del Petit festival de El ojopatio, s\u00e1bado 10<\/p><\/div>\n<p><br style=\"clear:both\">Y una novedad a escasos metros: el <strong>Petit Festival organizado por la comunidad de El ojopatio<\/strong>, que por un d\u00eda sale de las Galer\u00edas Goya y organiza un mercadillo en La Malagueta. Concretamente, en la calle Gironda, entre los n\u00fameros 21 y 23 del paseo de Reding. All\u00ed de 11 a 19 horas se podr\u00e1 encontrar la ropa vintage de Quasipercaso,las prendas para los m\u00e1s peques de Pina Pastanaga y El pan de la Lola, obras de Pedro Oka\u00f1a,Cristina Savage,Nacho Mayorga, Sa\u00fal Wes y Naiara Arrieta, complementos de Nohe ceramica y Reina de Calaveras,los bolsos de Menchu collage, detalles de Pinsa,los discos de Jukebox y ropa para chico de Soma&#8230;la comida correr\u00e1 a cargo de Monte Culebra y la m\u00fasica de Carlos Moratalla. <\/p>\n<div id=\"attachment_4073\" style=\"width: 550px\" class=\"wp-caption aligncenter\"><a href=\"\/-que-le-compro-\/wp-content\/uploads\/sites\/19\/2016\/12\/agenda-Mercadillo-Solidario-Cancer.jpg\"><img aria-describedby=\"caption-attachment-4073\" loading=\"lazy\" src=\"\/-que-le-compro-\/wp-content\/uploads\/sites\/19\/2016\/12\/agenda-Mercadillo-Solidario-Cancer.jpg\" alt=\"ONG y asociaciones participantes en el Mercadillo Unidos contra el C\u00e1ncer\" title=\"ONG y asociaciones participantes en el Mercadillo Unidos contra el C\u00e1ncer\" width=\"540\" height=\"360\" class=\"size-full wp-image-4073\" srcset=\"https:\/\/static-blogs.diariosur.es\/wp-content\/uploads\/sites\/19\/2016\/12\/agenda-Mercadillo-Solidario-Cancer.jpg 540w, https:\/\/static-blogs.diariosur.es\/wp-content\/uploads\/sites\/19\/2016\/12\/agenda-Mercadillo-Solidario-Cancer-300x200.jpg 300w\" sizes=\"(max-width: 540px) 100vw, 540px\" \/><\/a><p id=\"caption-attachment-4073\" class=\"wp-caption-text\">ONG y asociaciones participantes en el Mercadillo Unidos contra el C\u00e1ncer<\/p><\/div>\n<p>Adem\u00e1s, es visita obligada este d\u00eda pasarse por la calle Alcazabilla, porque all\u00ed de 12 a 21 horas se instalar\u00e1 el <strong>Mercadillo Unidos contra el C\u00e1ncer<\/strong>, en el que participan ocho ONG. Habr\u00e1 actividades paralelas para amenizar esta cita solidaria que os cuento <a href=\"https:\/\/blogs.diariosur.es\/-que-le-compro-\/2016\/11\/30\/mercadillo-unidos-cancer-malaga-diciembre\/\">en detalle aqu\u00ed.<\/a><\/p>\n<p>Adem\u00e1s, ojo que habr\u00e1 Zoco en <strong>Muelle Uno<\/strong> de 11 a 18 horas, y tambi\u00e9n el domingo, as\u00ed que este fin de semana raci\u00f3n extra, ei el tiempo no lo impide, claro.<\/p>\n<div id=\"attachment_4074\" style=\"width: 550px\" class=\"wp-caption aligncenter\"><a href=\"\/-que-le-compro-\/wp-content\/uploads\/sites\/19\/2016\/12\/agenda-plazam.jpg\"><img aria-describedby=\"caption-attachment-4074\" loading=\"lazy\" src=\"\/-que-le-compro-\/wp-content\/uploads\/sites\/19\/2016\/12\/agenda-plazam.jpg\" alt=\"Artesan\u00eda en La Plaza Merced Market, este domingo\" title=\"Artesan\u00eda en La Plaza Merced Market, este domingo\" width=\"540\" height=\"720\" class=\"size-full wp-image-4074\" srcset=\"https:\/\/static-blogs.diariosur.es\/wp-content\/uploads\/sites\/19\/2016\/12\/agenda-plazam.jpg 540w, https:\/\/static-blogs.diariosur.es\/wp-content\/uploads\/sites\/19\/2016\/12\/agenda-plazam-225x300.jpg 225w\" sizes=\"(max-width: 540px) 100vw, 540px\" \/><\/a><p id=\"caption-attachment-4074\" class=\"wp-caption-text\">Artesan\u00eda en La Plaza Merced Market, este domingo<\/p><\/div>\n<p>Y el domingo, dos propuestas que se hab\u00edan quedado pendientes por la lluvia: <strong>La Plaza Merced-Market<\/strong> y el <strong>Malagueta 4 Market<\/strong>. Moda, artesan\u00eda, decoraci\u00f3n y alimentaci\u00f3n son los ingredientes comunes de ambas propuestas. La primera se celebrar\u00e1, como siempre, en la c\u00e9ntrica plaza de la Merced de 11 a 19 horas mientras que la otra tomar\u00e1 el Paseo Mar\u00edtimo Ciudad de Melilla de 10 a 19 horas.<\/p>\n<div id=\"attachment_4075\" style=\"width: 550px\" class=\"wp-caption aligncenter\"><a href=\"\/-que-le-compro-\/wp-content\/uploads\/sites\/19\/2016\/12\/agenda-malagueta.jpg\"><img aria-describedby=\"caption-attachment-4075\" loading=\"lazy\" src=\"\/-que-le-compro-\/wp-content\/uploads\/sites\/19\/2016\/12\/agenda-malagueta.jpg\" alt=\"Artesan\u00eda en La Malagueta, este domingo\" title=\"Artesan\u00eda en La Malagueta, este domingo\" width=\"540\" height=\"720\" class=\"size-full wp-image-4075\" srcset=\"https:\/\/static-blogs.diariosur.es\/wp-content\/uploads\/sites\/19\/2016\/12\/agenda-malagueta.jpg 540w, https:\/\/static-blogs.diariosur.es\/wp-content\/uploads\/sites\/19\/2016\/12\/agenda-malagueta-225x300.jpg 225w\" sizes=\"(max-width: 540px) 100vw, 540px\" \/><\/a><p id=\"caption-attachment-4075\" class=\"wp-caption-text\">Artesan\u00eda en La Malagueta, este domingo<\/p><\/div>\n<p>\u00a1Buen fin de semana!<\/p>\n","protected":false},"excerpt":{"rendered":"<p>Despu\u00e9s de dos fines de semana marcados por la lluvia, esperemos que a la tercera vaya la vencida y este s\u00e1bado y domingo podamos disfrutar de las convocatorias previstas en la agenda de mercadillos, que son varias en M\u00e1laga capital. Aparte de los tradicionales puestos de Navidad en el Parque, que ya sab\u00e9is que est\u00e1n [&hellip;]<\/p>\n","protected":false},"author":24,"featured_media":0,"comment_status":"open","ping_status":"open","sticky":false,"template":"","format":"standard","meta":[],"categories":[4,6],"tags":[336,1216,1517,1584,1902,2064,2362,2531,2542,2924,3004,3095,3972],"_links":{"self":[{"href":"https:\/\/blogs.diariosur.es\/-que-le-compro-\/wp-json\/wp\/v2\/posts\/4072"}],"collection":[{"href":"https:\/\/blogs.diariosur.es\/-que-le-compro-\/wp-json\/wp\/v2\/posts"}],"about":[{"href":"https:\/\/blogs.diariosur.es\/-que-le-compro-\/wp-json\/wp\/v2\/types\/post"}],"author":[{"embeddable":true,"href":"https:\/\/blogs.diariosur.es\/-que-le-compro-\/wp-json\/wp\/v2\/users\/24"}],"replies":[{"embeddable":true,"href":"https:\/\/blogs.diariosur.es\/-que-le-compro-\/wp-json\/wp\/v2\/comments?post=4072"}],"version-history":[{"count":0,"href":"https:\/\/blogs.diariosur.es\/-que-le-compro-\/wp-json\/wp\/v2\/posts\/4072\/revisions"}],"wp:attachment":[{"href":"https:\/\/blogs.diariosur.es\/-que-le-compro-\/wp-json\/wp\/v2\/media?parent=4072"}],"wp:term":[{"taxonomy":"category","embeddable":true,"href":"https:\/\/blogs.diariosur.es\/-que-le-compro-\/wp-json\/wp\/v2\/categories?post=4072"},{"taxonomy":"post_tag","embeddable":true,"href":"https:\/\/blogs.diariosur.es\/-que-le-compro-\/wp-json\/wp\/v2\/tags?post=4072"}],"curies":[{"name":"wp","href":"https:\/\/api.w.org\/{rel}","templated":true}]}}