{"id":4090,"date":"2016-12-20T17:46:31","date_gmt":"2016-12-20T16:46:31","guid":{"rendered":"http:\/\/blogs.diariosur.es\/-que-le-compro-\/?p=4090"},"modified":"2016-12-20T17:46:31","modified_gmt":"2016-12-20T16:46:31","slug":"nehcaa-complementos-gafas-disenos","status":"publish","type":"post","link":"https:\/\/blogs.diariosur.es\/-que-le-compro-\/2016\/12\/20\/nehcaa-complementos-gafas-disenos\/","title":{"rendered":"Glasses, la optimista colecci\u00f3n de Luz Rodr\u00edguez, art\u00edfice de NEHCAA"},"content":{"rendered":"<p>Lo tiene claro: &#8220;la vida es del color del cristal con el que se mira&#8221;. Y ha llevado esta m\u00e1xima a su aventura empresarial: <strong>NEHCAA<\/strong>, una original firma de complementos en la que las gafas son las se\u00f1as de identidad. Pero no unas gafas al uso, sino que son originales y bellos complementos en forma de anillos, colgantes&#8230; Su responsable es <strong>Luz Rodr\u00edguez<\/strong>, una emprendedora malague\u00f1a que se ha lanzado al dif\u00edcil mundo de la joyer\u00eda sostenible. En esta entrevista la podr\u00e9is conocer un poquito m\u00e1s y saber a lo que se dedica.<\/p>\n<div id=\"attachment_4091\" style=\"width: 550px\" class=\"wp-caption aligncenter\"><a href=\"\/-que-le-compro-\/wp-content\/uploads\/sites\/19\/2016\/12\/stand-luz.jpg\"><img aria-describedby=\"caption-attachment-4091\" loading=\"lazy\" class=\"size-full wp-image-4091\" title=\"Luz Rodr\u00edguez, con algunos de sus dise\u00f1os\" src=\"\/-que-le-compro-\/wp-content\/uploads\/sites\/19\/2016\/12\/stand-luz.jpg\" alt=\"Luz Rodr\u00edguez, con algunos de sus dise\u00f1os\" width=\"540\" height=\"750\" srcset=\"https:\/\/static-blogs.diariosur.es\/wp-content\/uploads\/sites\/19\/2016\/12\/stand-luz.jpg 540w, https:\/\/static-blogs.diariosur.es\/wp-content\/uploads\/sites\/19\/2016\/12\/stand-luz-216x300.jpg 216w\" sizes=\"(max-width: 540px) 100vw, 540px\" \/><\/a><p id=\"caption-attachment-4091\" class=\"wp-caption-text\">Luz Rodr\u00edguez, con algunos de sus dise\u00f1os<\/p><\/div>\n<p><strong>-\u00bfC\u00f3mo y cu\u00e1ndo surge NEHCAA?<\/strong><br \/>\nNEHCAA surgi\u00f3 en Alemania donde resid\u00eda, pero fue en Marbella donde el sue\u00f1o de NEHCAA se hizo realidad. Aunque no soy joyera de profesi\u00f3n, fantaseaba con la idea de unir mis pasiones, que son las joyas, las piedras preciosas y la sostenibilidad para revolucionar los joyeros de las mujeres m\u00e1s atrevidas y elegantes.<br \/>\nNEHCAA naci\u00f3 en plena crisis aunque todos mis amigos me dec\u00edan que no era el momento del mercado joyero. Pero yo quer\u00eda cambiar la direcci\u00f3n de las miradas que estaban centradas en la crisis econ\u00f3mica, las enfermedades cancer\u00edgenas y el terrorismo isl\u00e1mico, y dirigirlas a los momentos especiales y positivos que nos ofrece la vida.<br \/>\n<strong>-Pregunta obligada: \u00bfpor qu\u00e9 ese nombre?<\/strong><br \/>\nNEHCAA es la reordenaci\u00f3n de las letras que componen el nombre de la ciudad alemana Aachen (Aquisgr\u00e1n) escrita al rev\u00e9s. Es un peque\u00f1o homenaje a esta ciudad que me brind\u00f3 10 a\u00f1os de felicidad. Aqu\u00ed realic\u00e9 mis estudios y mi doctorado como ingeniera qu\u00edmica. Conoc\u00ed a mi media naranja con qui\u00e9n me cas\u00e9 y tuve mi primer hijo.<br \/>\n<strong>&#8211; \u00bfQui\u00e9n est\u00e1 detr\u00e1s de esta firma? \u00bfEres la \u00fanica responsable o cuentas con ayuda?<\/strong><br \/>\nDetr\u00e1s de NEHCAA estamos Frank (mi marido) y yo. Somos el t\u00e1ndem perfecto para realizar los dise\u00f1os, elegir las piedras preciosas que implementamos en los colgantes a modo de lentes y poner en marcha los prototipos de las colecciones. Tambi\u00e9n contamos con un equipo de joyeros, Juan Carlos y Stefan que nos asesoran y nos realizan las peque\u00f1as producciones de forma artesanal para reforzar nuestro trabajo.<br \/>\n<strong>-\u00bfCompatibilizas la empresa con otra actividad?<\/strong><br \/>\nNo me queda tiempo para compatibilizar este trabajo con otra actividad que no sea la de madre de familia. Antes de que finalice el a\u00f1o vamos a ampliar la colecci\u00f3n de joyas y acabamos de ampliar la familia, tenemos doble trabajo.<br \/>\nCada pieza que realizamos conlleva mucha dedicaci\u00f3n y mimo para aportarle la exclusividad que se merece la persona que la va a llevar puesta. Trabajamos mucho por encargo y tambi\u00e9n personalizamos las piezas. Las piedras est\u00e1n talladas a mano y escogidas con bastante delicadeza.<\/p>\n<div id=\"attachment_4092\" style=\"width: 550px\" class=\"wp-caption aligncenter\"><a href=\"\/-que-le-compro-\/wp-content\/uploads\/sites\/19\/2016\/12\/blog-gafas2.jpg\"><img aria-describedby=\"caption-attachment-4092\" loading=\"lazy\" class=\"size-full wp-image-4092\" title=\"Algunos de los dise\u00f1os de NEHCAA\" src=\"\/-que-le-compro-\/wp-content\/uploads\/sites\/19\/2016\/12\/blog-gafas2.jpg\" alt=\"Algunos de los dise\u00f1os de NEHCAA\" width=\"540\" height=\"720\" srcset=\"https:\/\/static-blogs.diariosur.es\/wp-content\/uploads\/sites\/19\/2016\/12\/blog-gafas2.jpg 540w, https:\/\/static-blogs.diariosur.es\/wp-content\/uploads\/sites\/19\/2016\/12\/blog-gafas2-225x300.jpg 225w\" sizes=\"(max-width: 540px) 100vw, 540px\" \/><\/a><p id=\"caption-attachment-4092\" class=\"wp-caption-text\">Algunos de los dise\u00f1os de NEHCAA<\/p><\/div>\n<p><strong>-\u00bfC\u00f3mo fue la elecci\u00f3n de apostar por la joyer\u00eda sostenible? \u00bfEs un campo m\u00e1s duro a\u00fan que la joyer\u00eda tradicional, no es as\u00ed?<\/strong><br \/>\nPara m\u00ed estar en equilibrio con la naturaleza es muy importante y evito en la mayor medida de lo posible la contaminaci\u00f3n. Aunque tenemos muy poca informaci\u00f3n al respecto, la industria joyera es una de las industrias m\u00e1s contaminantes que existen. El uso de productos qu\u00edmicos tan contaminantes como el mercurio y el cianuro para extraer los metales de las minas causan un gran impacto ambiental y social.<br \/>\nEs cierto que realizar joyer\u00eda sostenible es m\u00e1s duro que trabajar la joyer\u00eda tradicional debido al uso de materiales ecol\u00f3gicos y sostenibles que son m\u00e1s costosos. Y porque adicionalmente tengo que explicar este concepto al consumidor para que pueda apreciar la importancia de realizar joyas sostenibles.<br \/>\nCon materiales sostenibles me refiero al uso de plata y oro que han sido extra\u00eddos de la tierra sin mercurio ni cianuro, sin explotaci\u00f3n infantil, apoyando la situaci\u00f3n del minero a trav\u00e9s de sueldos y horarios dignos, etc..<br \/>\n<strong>&#8211; \u00bfPor qu\u00e9 elegiste las gafas como emblema de la colecci\u00f3n?<\/strong><br \/>\nLa primera colecci\u00f3n se llama Glasses y simboliza el abrir los ojos a la joyer\u00eda sostenible para dar a conocer la cadena de elaboraci\u00f3n de un joya. Muy pocas personas conocen el sufrimiento que hay detr\u00e1s de una joya (explotaci\u00f3n infantil, zonas de conflictos mineras, sueldos y horarios precarios, etc..).<br \/>\nAl mismo tiempo las gafas son el complemento m\u00e1s usado en los pa\u00edses mediterr\u00e1neos ya que disfrutamos del sol durante casi todo el a\u00f1o. A las gafas las asociamos siempre con el buen tiempo, vacaciones, buen rollo, diversi\u00f3n, etc..<br \/>\nPor eso quer\u00eda unir estos dos conceptos, apreciando los valores de la vida y la belleza de la naturaleza, os invito a vivir sin prisas y a disfrutar de los momentos especiales que se nos pasan desapercibidos.<br \/>\nEstaba segura que el colgante Glasses iba a robar muchas sonrisas por su originalidad y su toque divertido pero elegante. Y as\u00ed naci\u00f3 esta colecci\u00f3n, bajo el lema: \u00a1La vida es seg\u00fan como se mire! y yo la miro con optimismo, ilusi\u00f3n, alegr\u00eda, frescura, cari\u00f1o, elegancia y diversi\u00f3n.<\/p>\n<div id=\"attachment_4093\" style=\"width: 810px\" class=\"wp-caption aligncenter\"><a href=\"\/-que-le-compro-\/wp-content\/uploads\/sites\/19\/2016\/12\/gafas3.jpg\"><img aria-describedby=\"caption-attachment-4093\" loading=\"lazy\" class=\"size-full wp-image-4093\" title=\"Anillos con gafas de NEHCAA\" src=\"\/-que-le-compro-\/wp-content\/uploads\/sites\/19\/2016\/12\/gafas3.jpg\" alt=\"Anillos con gafas de NEHCAA\" width=\"800\" height=\"1067\" srcset=\"https:\/\/static-blogs.diariosur.es\/wp-content\/uploads\/sites\/19\/2016\/12\/gafas3.jpg 800w, https:\/\/static-blogs.diariosur.es\/wp-content\/uploads\/sites\/19\/2016\/12\/gafas3-225x300.jpg 225w, https:\/\/static-blogs.diariosur.es\/wp-content\/uploads\/sites\/19\/2016\/12\/gafas3-768x1024.jpg 768w\" sizes=\"(max-width: 800px) 100vw, 800px\" \/><\/a><p id=\"caption-attachment-4093\" class=\"wp-caption-text\">Anillos con gafas de NEHCAA<\/p><\/div>\n<p><strong>&#8211; Cu\u00e9ntanos el proyecto sostenible internacional del que formas parte\u2026<\/strong><br \/>\nPertenezco a la Alianza de Miner\u00eda Responsable FAIRMINED siendo la \u00fanica andaluza. A nivel mundial somos 111 dise\u00f1adores y joyeros licenciados por FAIRMINED para trabajar con plata y oro extra\u00eddos de la tierra de forma sostenible y ecol\u00f3gica. De los cuales 8 vivimos en Espa\u00f1a.<br \/>\nEsta organizaci\u00f3n es un est\u00e1ndar internacional y certifica que el oro y la plata procedente de organizaciones mineras artesanales y de peque\u00f1a escalan aplican m\u00e9todos respetuosos con el trabajo de los mineros y con el medio ambiente. Los pa\u00edses donde se realizan los trabajos mineros son de Am\u00e9rica Latina, \u00c1frica y Asia. Nuestra plata concretamente procede de las minas de Aurelsa (Per\u00fa).<br \/>\nPara asegurar una extracci\u00f3n sostenible, nosotros los licenciatarios pagamos un canon por cada kg de oro o plata que les compramos. Por ello, los materiales sostenibles y ecol\u00f3gicos son m\u00e1s costosos que la plata u oro tradicional.<\/p>\n<div id=\"attachment_4094\" style=\"width: 730px\" class=\"wp-caption aligncenter\"><a href=\"\/-que-le-compro-\/wp-content\/uploads\/sites\/19\/2016\/12\/gafas.jpg\"><img aria-describedby=\"caption-attachment-4094\" loading=\"lazy\" class=\"size-full wp-image-4094\" title=\"Las gafas de NEHCAA, en detalle\" src=\"\/-que-le-compro-\/wp-content\/uploads\/sites\/19\/2016\/12\/gafas.jpg\" alt=\"Las gafas de NEHCAA, en detalle\" width=\"720\" height=\"405\" srcset=\"https:\/\/static-blogs.diariosur.es\/wp-content\/uploads\/sites\/19\/2016\/12\/gafas.jpg 720w, https:\/\/static-blogs.diariosur.es\/wp-content\/uploads\/sites\/19\/2016\/12\/gafas-300x169.jpg 300w\" sizes=\"(max-width: 720px) 100vw, 720px\" \/><\/a><p id=\"caption-attachment-4094\" class=\"wp-caption-text\">Las gafas de NEHCAA, en detalle<\/p><\/div>\n<p><strong> &#8211; \u00bfCuentas con tienda online? \u00bfD\u00f3nde se pueden adquirir tus dise\u00f1os?<\/strong><br \/>\nNuestras ventas se realizan a trav\u00e9s de nuestra web <a href=\"http:\/\/www.nehcaajewelry.com\" rel=\"external nofollow\">www.nehcaajewelry.com<\/a> pero tambi\u00e9n contamos con siete puntos de ventas repartidos en la provincia de M\u00e1laga y un punto de venta en Aachen (Alemania). Desde Estepona hasta M\u00e1laga pod\u00e9is encontrar nuestros colgantes en:<br \/>\n\u2022 Accesorios N6 &#8211; Calle Adolfo Su\u00e1rez de Figueroa 22, 29680 Estepona<br \/>\n\u2022 Bloomers &#038; Bikini &#8211; Av. Ricardo Soriano 13, 29601 Marbella<br \/>\n\u2022 Hotel Amanhavis &#8211; Calle Pilar 3, 29670 Benahav\u00eds<br \/>\n\u2022 Veganized &#8211; Non Toxic Fashion &#8211; Calle Fern\u00e1n G\u00f3mez 3, 29005 M\u00e1laga<br \/>\n\u2022 Joyer\u00eda Gomez y Molina &#8211; Calle Jos\u00e9 Meli\u00e1 s\/n, 29602 Marbella<br \/>\n\u2022 Raquel Troyano Jewels &#8211; CC. Laguna Village, Local 16, CC A7, km 149, 29680 Estepona<br \/>\n\u2022 Raquel Troyano Jewels &#8211; Terminal 3, Planta 2 Salidas &#8211; Aeropuerto de M\u00e1laga &#8211; Zona exclusiva pasajeros VIP. Zona de Embarque<br \/>\n\u2022 Mancherlei Aachen &#8211; Jakobstr. 45, 52064 Aachen (Alemania)<\/p>\n<p>&nbsp;<\/p>\n<p>Un placer conocer a Luz y aprender un poquito m\u00e1s del interesante sector de la joyer\u00eda sostenible: \u00a1suerte!<\/p>\n","protected":false},"excerpt":{"rendered":"<p>Lo tiene claro: &#8220;la vida es del color del cristal con el que se mira&#8221;. Y ha llevado esta m\u00e1xima a su aventura empresarial: NEHCAA, una original firma de complementos en la que las gafas son las se\u00f1as de identidad. Pero no unas gafas al uso, sino que son originales y bellos complementos en forma [&hellip;]<\/p>\n","protected":false},"author":24,"featured_media":0,"comment_status":"open","ping_status":"open","sticky":false,"template":"","format":"standard","meta":[],"categories":[6,7],"tags":[810,1130,1785,2024,2624],"_links":{"self":[{"href":"https:\/\/blogs.diariosur.es\/-que-le-compro-\/wp-json\/wp\/v2\/posts\/4090"}],"collection":[{"href":"https:\/\/blogs.diariosur.es\/-que-le-compro-\/wp-json\/wp\/v2\/posts"}],"about":[{"href":"https:\/\/blogs.diariosur.es\/-que-le-compro-\/wp-json\/wp\/v2\/types\/post"}],"author":[{"embeddable":true,"href":"https:\/\/blogs.diariosur.es\/-que-le-compro-\/wp-json\/wp\/v2\/users\/24"}],"replies":[{"embeddable":true,"href":"https:\/\/blogs.diariosur.es\/-que-le-compro-\/wp-json\/wp\/v2\/comments?post=4090"}],"version-history":[{"count":0,"href":"https:\/\/blogs.diariosur.es\/-que-le-compro-\/wp-json\/wp\/v2\/posts\/4090\/revisions"}],"wp:attachment":[{"href":"https:\/\/blogs.diariosur.es\/-que-le-compro-\/wp-json\/wp\/v2\/media?parent=4090"}],"wp:term":[{"taxonomy":"category","embeddable":true,"href":"https:\/\/blogs.diariosur.es\/-que-le-compro-\/wp-json\/wp\/v2\/categories?post=4090"},{"taxonomy":"post_tag","embeddable":true,"href":"https:\/\/blogs.diariosur.es\/-que-le-compro-\/wp-json\/wp\/v2\/tags?post=4090"}],"curies":[{"name":"wp","href":"https:\/\/api.w.org\/{rel}","templated":true}]}}