{"id":4108,"date":"2017-01-20T17:09:17","date_gmt":"2017-01-20T16:09:17","guid":{"rendered":"http:\/\/blogs.diariosur.es\/-que-le-compro-\/?p=4108"},"modified":"2017-01-20T17:09:17","modified_gmt":"2017-01-20T16:09:17","slug":"mercadillos-malaga-fin-semana-frio","status":"publish","type":"post","link":"https:\/\/blogs.diariosur.es\/-que-le-compro-\/2017\/01\/20\/mercadillos-malaga-fin-semana-frio\/","title":{"rendered":"El fr\u00edo no puede con la agenda de mercadillos de M\u00e1laga"},"content":{"rendered":"<p>Ya est\u00e1 aqu\u00ed el fin de semana, en el que el fr\u00edo va a seguir, pero aparte de ir a ver la nieve en M\u00e1laga vamos a poder disfrutar tambi\u00e9n de algunos mercadillos. El s\u00e1bado por ejemplo la asociaci\u00f3n Guadalhorce Ecol\u00f3gico montar\u00e1 su mercadillo en Marbella (C\/Sirio, La Campana Nueva Andaluc\u00eda) de 10 a 14 y el domingo estar\u00e1n en el recinto ferial de Benalm\u00e1dena.<br \/>\nPrecisamente el domingo 22 ser\u00e1 el plato fuerte de este &#8216;finde&#8217;, porque en la capital van a coincidir tres propuestas. Una es La <strong>Plaza Merced Market<\/strong>, en la c\u00e9ntrica plaza de 11 a 19 horas, mientras que el <strong>Malagueta 4 Market <\/strong>se podr\u00e1 visitar de 11 a 18 horas en el paseo mar\u00edtimo Ciudad de Melilla. Para completar, cerca de all\u00ed y en el mismo horario estar\u00e1 disponible el <strong>Zoco de Muelle Uno<\/strong> en el Puerto.<\/p>\n<div id=\"attachment_4109\" style=\"width: 550px\" class=\"wp-caption aligncenter\"><a href=\"\/-que-le-compro-\/wp-content\/uploads\/sites\/19\/2017\/01\/merced-artesania.jpg\"><img aria-describedby=\"caption-attachment-4109\" loading=\"lazy\" src=\"\/-que-le-compro-\/wp-content\/uploads\/sites\/19\/2017\/01\/merced-artesania.jpg\" alt=\"Artesan\u00eda en La Plaza Merced Market, este domingo\" title=\"Artesan\u00eda en La Plaza Merced Market, este domingo\" width=\"540\" height=\"540\" class=\"size-full wp-image-4109\" srcset=\"https:\/\/static-blogs.diariosur.es\/wp-content\/uploads\/sites\/19\/2017\/01\/merced-artesania.jpg 540w, https:\/\/static-blogs.diariosur.es\/wp-content\/uploads\/sites\/19\/2017\/01\/merced-artesania-150x150.jpg 150w, https:\/\/static-blogs.diariosur.es\/wp-content\/uploads\/sites\/19\/2017\/01\/merced-artesania-300x300.jpg 300w\" sizes=\"(max-width: 540px) 100vw, 540px\" \/><\/a><p id=\"caption-attachment-4109\" class=\"wp-caption-text\">Artesan\u00eda en La Plaza Merced Market, este domingo<\/p><\/div>\n<p>Moda, artesan\u00eda, decoraci\u00f3n, gastronom\u00eda, complementos&#8230; todos estos y m\u00e1s son los ingredientes de estas tres iniciativas. \u00a1Buen fin de semana!<\/p>\n","protected":false},"excerpt":{"rendered":"<p>Ya est\u00e1 aqu\u00ed el fin de semana, en el que el fr\u00edo va a seguir, pero aparte de ir a ver la nieve en M\u00e1laga vamos a poder disfrutar tambi\u00e9n de algunos mercadillos. El s\u00e1bado por ejemplo la asociaci\u00f3n Guadalhorce Ecol\u00f3gico montar\u00e1 su mercadillo en Marbella (C\/Sirio, La Campana Nueva Andaluc\u00eda) de 10 a 14 [&hellip;]<\/p>\n","protected":false},"author":24,"featured_media":0,"comment_status":"open","ping_status":"open","sticky":false,"template":"","format":"standard","meta":[],"categories":[4],"tags":[1584,1902,2225,2228,3968],"_links":{"self":[{"href":"https:\/\/blogs.diariosur.es\/-que-le-compro-\/wp-json\/wp\/v2\/posts\/4108"}],"collection":[{"href":"https:\/\/blogs.diariosur.es\/-que-le-compro-\/wp-json\/wp\/v2\/posts"}],"about":[{"href":"https:\/\/blogs.diariosur.es\/-que-le-compro-\/wp-json\/wp\/v2\/types\/post"}],"author":[{"embeddable":true,"href":"https:\/\/blogs.diariosur.es\/-que-le-compro-\/wp-json\/wp\/v2\/users\/24"}],"replies":[{"embeddable":true,"href":"https:\/\/blogs.diariosur.es\/-que-le-compro-\/wp-json\/wp\/v2\/comments?post=4108"}],"version-history":[{"count":0,"href":"https:\/\/blogs.diariosur.es\/-que-le-compro-\/wp-json\/wp\/v2\/posts\/4108\/revisions"}],"wp:attachment":[{"href":"https:\/\/blogs.diariosur.es\/-que-le-compro-\/wp-json\/wp\/v2\/media?parent=4108"}],"wp:term":[{"taxonomy":"category","embeddable":true,"href":"https:\/\/blogs.diariosur.es\/-que-le-compro-\/wp-json\/wp\/v2\/categories?post=4108"},{"taxonomy":"post_tag","embeddable":true,"href":"https:\/\/blogs.diariosur.es\/-que-le-compro-\/wp-json\/wp\/v2\/tags?post=4108"}],"curies":[{"name":"wp","href":"https:\/\/api.w.org\/{rel}","templated":true}]}}