{"id":4271,"date":"2017-06-01T14:42:29","date_gmt":"2017-06-01T12:42:29","guid":{"rendered":"http:\/\/blogs.diariosur.es\/-que-le-compro-\/?p=4271"},"modified":"2017-06-01T14:42:29","modified_gmt":"2017-06-01T12:42:29","slug":"puerto-banus-artesania-mercadillos-malaga","status":"publish","type":"post","link":"https:\/\/blogs.diariosur.es\/-que-le-compro-\/2017\/06\/01\/puerto-banus-artesania-mercadillos-malaga\/","title":{"rendered":"Muestra de artesan\u00eda en Puerto Ban\u00fas y otros mercadillos"},"content":{"rendered":"<p>Ya est\u00e1 aqu\u00ed el fin de semana y con \u00e9l, como siempre, una interesante agenda de mercadillos en M\u00e1laga una vez m\u00e1s aunque en esta ocasi\u00f3n es menos amplia que otras veces. Una lista que cada vez arranca antes, ya que este jueves el hotel Molina Lario (en la calle del mismo nombre) celebra en su terraza el <strong>Trendy Market<\/strong> a partir de las 19 horas con moda,complementos y m\u00fasica en directo.<\/p>\n<p>El s\u00e1bado, toca una nueva edici\u00f3n de <strong>Made in Soho M\u00e1laga<\/strong>, que de 11 a 19 horas tomar\u00e1 la calle Tom\u00e1s Heredia con stands con moda, complementos de todo tipo, decoraci\u00f3n, alimentaci\u00f3n\u2026<br \/>\nCerca de all\u00ed La Temporal ofrece una pop up que servir\u00e1 de encuentro de dise\u00f1adoras como Ponte un Lunar, Marez, Lausett, Ade, Loreto Mart\u00ednez, Romina Sabas, Sama Sama clothing y Virginia Ilustraciones junto con marcas malague\u00f1as como Prenda. El horario es el habitual, de 12 a 21 horas, aunque esta semana cambian de d\u00eda.<\/p>\n<p>Adem\u00e1s, el domingo habr\u00e1<strong> Zoco en Muelle Uno<\/strong> de 12 a 19 horas y en Marbella ya ha comenzado la <strong>muestra internacional de artesan\u00eda de Puerto Ban\u00fas<\/strong> que cumple su edici\u00f3n n\u00famero 17 y que podr\u00e1 visitarse de lunes a jueves de 11:00 a 24:00 horas y de viernes a domingo de 11:00 a 01:00 hasta el pr\u00f3ximo 31 de agosto.<\/p>\n<p>\u00a1Buen fin de semana!<\/p>\n","protected":false},"excerpt":{"rendered":"<p>Ya est\u00e1 aqu\u00ed el fin de semana y con \u00e9l, como siempre, una interesante agenda de mercadillos en M\u00e1laga una vez m\u00e1s aunque en esta ocasi\u00f3n es menos amplia que otras veces. Una lista que cada vez arranca antes, ya que este jueves el hotel Molina Lario (en la calle del mismo nombre) celebra en [&hellip;]<\/p>\n","protected":false},"author":24,"featured_media":0,"comment_status":"open","ping_status":"open","sticky":false,"template":"","format":"standard","meta":[],"categories":[3,4,7],"tags":[4012,4023,4024,2035,4026,2572,4036,4045,4046,4063,3972],"_links":{"self":[{"href":"https:\/\/blogs.diariosur.es\/-que-le-compro-\/wp-json\/wp\/v2\/posts\/4271"}],"collection":[{"href":"https:\/\/blogs.diariosur.es\/-que-le-compro-\/wp-json\/wp\/v2\/posts"}],"about":[{"href":"https:\/\/blogs.diariosur.es\/-que-le-compro-\/wp-json\/wp\/v2\/types\/post"}],"author":[{"embeddable":true,"href":"https:\/\/blogs.diariosur.es\/-que-le-compro-\/wp-json\/wp\/v2\/users\/24"}],"replies":[{"embeddable":true,"href":"https:\/\/blogs.diariosur.es\/-que-le-compro-\/wp-json\/wp\/v2\/comments?post=4271"}],"version-history":[{"count":0,"href":"https:\/\/blogs.diariosur.es\/-que-le-compro-\/wp-json\/wp\/v2\/posts\/4271\/revisions"}],"wp:attachment":[{"href":"https:\/\/blogs.diariosur.es\/-que-le-compro-\/wp-json\/wp\/v2\/media?parent=4271"}],"wp:term":[{"taxonomy":"category","embeddable":true,"href":"https:\/\/blogs.diariosur.es\/-que-le-compro-\/wp-json\/wp\/v2\/categories?post=4271"},{"taxonomy":"post_tag","embeddable":true,"href":"https:\/\/blogs.diariosur.es\/-que-le-compro-\/wp-json\/wp\/v2\/tags?post=4271"}],"curies":[{"name":"wp","href":"https:\/\/api.w.org\/{rel}","templated":true}]}}