{"id":4286,"date":"2017-06-27T10:50:29","date_gmt":"2017-06-27T08:50:29","guid":{"rendered":"http:\/\/blogs.diariosur.es\/-que-le-compro-\/?p=4286"},"modified":"2017-06-27T10:50:29","modified_gmt":"2017-06-27T08:50:29","slug":"zara-rebajas-verano-corte-ingles","status":"publish","type":"post","link":"https:\/\/blogs.diariosur.es\/-que-le-compro-\/2017\/06\/27\/zara-rebajas-verano-corte-ingles\/","title":{"rendered":"Inditex y El Corte Ingl\u00e9s adelantan las rebajas"},"content":{"rendered":"<p>Hasta ahora se manten\u00edan en las mismas fechas siempre, pero este a\u00f1o, sorprendentemente, van a cambiar. El <strong>grupo Inditex, que engloba a Zara, Bershka, Oysho o Massimo Dutti<\/strong>, y El Corte Ingl\u00e9s e Hipercor adelantar\u00e1n este a\u00f1o las rebajas de verano. De este modo, <strong>comenzar\u00e1n el pr\u00f3ximo viernes 30 de junio<\/strong>, un d\u00eda antes de lo habitual. <\/p>\n<p><a href=\"\/-que-le-compro-\/wp-content\/uploads\/sites\/19\/2017\/06\/rebajas-corteingles.jpg\"><img loading=\"lazy\" src=\"\/-que-le-compro-\/wp-content\/uploads\/sites\/19\/2017\/06\/rebajas-corteingles.jpg\" alt=\"Rebajas en El Corte Ingl\u00e9s\" title=\"Rebajas en El Corte Ingl\u00e9s\" width=\"540\" height=\"360\" class=\"aligncenter size-full wp-image-4287\" srcset=\"https:\/\/static-blogs.diariosur.es\/wp-content\/uploads\/sites\/19\/2017\/06\/rebajas-corteingles.jpg 540w, https:\/\/static-blogs.diariosur.es\/wp-content\/uploads\/sites\/19\/2017\/06\/rebajas-corteingles-300x200.jpg 300w\" sizes=\"(max-width: 540px) 100vw, 540px\" \/><\/a><\/p>\n<p>Las rebajas de Inditex se extender\u00e1n a todas las tiendas de sus cadenas en Espa\u00f1a: Zara, Pull&#038;Bear, Massimo Dutti, Bershka, Stradivarius, Oysho, Uterque y Zara Home y en internet los descuentos empezar\u00e1n en la medianoche del jueves al viernes.<\/p>\n<p>En el caso de El Corte Ingl\u00e9s, en su tienda online las ofertas arrancar\u00e1n dos horas antes de la medianoche, a las 22.00 del jueves, y la campa\u00f1a de decuentos se prolongar\u00e1 hasta el pr\u00f3ximo 31 de agosto, tanto en sus tiendas f\u00edsicas como en la web. En cambio, este a\u00f1o <strong>Sfera<\/strong> se ha desmarcado y est\u00e1 de rebajas desde el pasado 16 de junio. <\/p>\n<p>Con este peque\u00f1o adelanto, las dos grades empresas se unen a la gran cantidad de firmas que ya ofrecen descuentos, en algunos casos desde hace unos d\u00edas,c como Cortefiel, H&#038;M o Women&#8217; Secret, por citar s\u00f3lo unos ejemplos. <a href=\"http:\/\/www.diariosur.es\/malaga\/marcas-adelantan-rebajas-20170623163013-nt.html\" rel=\"external nofollow\">Si quieres saber qu\u00e9 marcas est\u00e1n ya de rebajas, pincha aqu\u00ed<\/a>.<\/p>\n<p>\u00bfYa ten\u00e9is pensado qu\u00e9 vais a comprar en rebajas? Pues id empezando a hacer ya la lista, \u00a1que las rebajas ya est\u00e1n aqu\u00ed!<\/p>\n","protected":false},"excerpt":{"rendered":"<p>Hasta ahora se manten\u00edan en las mismas fechas siempre, pero este a\u00f1o, sorprendentemente, van a cambiar. El grupo Inditex, que engloba a Zara, Bershka, Oysho o Massimo Dutti, y El Corte Ingl\u00e9s e Hipercor adelantar\u00e1n este a\u00f1o las rebajas de verano. De este modo, comenzar\u00e1n el pr\u00f3ximo viernes 30 de junio, un d\u00eda antes de [&hellip;]<\/p>\n","protected":false},"author":24,"featured_media":0,"comment_status":"open","ping_status":"open","sticky":false,"template":"","format":"standard","meta":[],"categories":[7,8],"tags":[4018,1582,3138,4040,4041,3356,4064],"_links":{"self":[{"href":"https:\/\/blogs.diariosur.es\/-que-le-compro-\/wp-json\/wp\/v2\/posts\/4286"}],"collection":[{"href":"https:\/\/blogs.diariosur.es\/-que-le-compro-\/wp-json\/wp\/v2\/posts"}],"about":[{"href":"https:\/\/blogs.diariosur.es\/-que-le-compro-\/wp-json\/wp\/v2\/types\/post"}],"author":[{"embeddable":true,"href":"https:\/\/blogs.diariosur.es\/-que-le-compro-\/wp-json\/wp\/v2\/users\/24"}],"replies":[{"embeddable":true,"href":"https:\/\/blogs.diariosur.es\/-que-le-compro-\/wp-json\/wp\/v2\/comments?post=4286"}],"version-history":[{"count":0,"href":"https:\/\/blogs.diariosur.es\/-que-le-compro-\/wp-json\/wp\/v2\/posts\/4286\/revisions"}],"wp:attachment":[{"href":"https:\/\/blogs.diariosur.es\/-que-le-compro-\/wp-json\/wp\/v2\/media?parent=4286"}],"wp:term":[{"taxonomy":"category","embeddable":true,"href":"https:\/\/blogs.diariosur.es\/-que-le-compro-\/wp-json\/wp\/v2\/categories?post=4286"},{"taxonomy":"post_tag","embeddable":true,"href":"https:\/\/blogs.diariosur.es\/-que-le-compro-\/wp-json\/wp\/v2\/tags?post=4286"}],"curies":[{"name":"wp","href":"https:\/\/api.w.org\/{rel}","templated":true}]}}