{"id":4289,"date":"2017-06-28T11:10:24","date_gmt":"2017-06-28T09:10:24","guid":{"rendered":"http:\/\/blogs.diariosur.es\/-que-le-compro-\/?p=4289"},"modified":"2017-06-28T11:10:24","modified_gmt":"2017-06-28T09:10:24","slug":"crema-mercadona-sisbela-antiarrugas","status":"publish","type":"post","link":"https:\/\/blogs.diariosur.es\/-que-le-compro-\/2017\/06\/28\/crema-mercadona-sisbela-antiarrugas\/","title":{"rendered":"La revolucionaria crema antiarrugas de Mercadona de 5 euros"},"content":{"rendered":"<p>Todo lo que toca (lanza) lo convierte en oro, y este producto no va a ser una excepci\u00f3n. <strong>Mercadona<\/strong> ofrece en su zona perfumer\u00eda desde hace unos meses la <strong>crema antiedad Sisbela<\/strong> a un precio de 5 euros. Hasta ah\u00ed no ser\u00eda m\u00e1s que un producto de los muchos que tiene la empresa valenciana si no fuera porque es exactamente el mismo cosm\u00e9tico que otro que <a href=\"http:\/\/www.alaincosmetics.com\/productos\/revitalizing-skin-care-cream\/\" rel=\"external nofollow\">cuesta 85 euros en el mercado<\/a>.<\/p>\n<p>Sisbela es la versi\u00f3n barata (pero s\u00f3lo en precio) de  la <strong>Revitalizing Skin Care Cream de Alain<\/strong> Cosmetics. Lo \u00fanico en lo que al parecer se diferencian, aparte del precio, es un poco en el perfume, pero lo dem\u00e1s es igual. Ambas contienen los mismos componentes en sus tarros de 50 mililitros: \u00e1cido ribonucleico (RNA) y \u00e1cido desoxirribonucleico (DNA), dos elementos clave para luchar contra los signos de la edad.<\/p>\n<p>La raz\u00f3n por la que se comercializan a precios tan diferentes es, como suele ocurrir en estos casos, la cantidad. A mayor n\u00famero de productos comprados m\u00e1s f\u00e1cil es abaratar los precios de venta al p\u00fablico, aunque ello signifique no tener unas ganancias tan elevadas por este art\u00edculo en concreto. Pero la inversi\u00f3n merece la pena para la firma de alimentaci\u00f3n, ya que este producto est\u00e1 obteniendo una gran respuesta por parte del p\u00fablico, como era de esperar.<br \/>\n<div id=\"attachment_4291\" style=\"width: 550px\" class=\"wp-caption aligncenter\"><a href=\"\/-que-le-compro-\/wp-content\/uploads\/sites\/19\/2017\/06\/crema-sisbela1.jpg\"><img aria-describedby=\"caption-attachment-4291\" loading=\"lazy\" src=\"\/-que-le-compro-\/wp-content\/uploads\/sites\/19\/2017\/06\/crema-sisbela1.jpg\" alt=\"Imagen de la crema Sisbela antiarrugas de Mercadona\" title=\"Imagen de la crema Sisbela antiarrugas de Mercadona\" width=\"540\" height=\"226\" class=\"size-full wp-image-4291\" srcset=\"https:\/\/static-blogs.diariosur.es\/wp-content\/uploads\/sites\/19\/2017\/06\/crema-sisbela1.jpg 540w, https:\/\/static-blogs.diariosur.es\/wp-content\/uploads\/sites\/19\/2017\/06\/crema-sisbela1-300x126.jpg 300w\" sizes=\"(max-width: 540px) 100vw, 540px\" \/><\/a><p id=\"caption-attachment-4291\" class=\"wp-caption-text\">Imagen de la crema Sisbela antiarrugas de Mercadona<\/p><\/div><\/p>\n","protected":false},"excerpt":{"rendered":"<p>Todo lo que toca (lanza) lo convierte en oro, y este producto no va a ser una excepci\u00f3n. Mercadona ofrece en su zona perfumer\u00eda desde hace unos meses la crema antiedad Sisbela a un precio de 5 euros. Hasta ah\u00ed no ser\u00eda m\u00e1s que un producto de los muchos que tiene la empresa valenciana si [&hellip;]<\/p>\n","protected":false},"author":24,"featured_media":0,"comment_status":"open","ping_status":"open","sticky":false,"template":"","format":"standard","meta":[],"categories":[7,8],"tags":[4013,4015,4016,4017,4042],"_links":{"self":[{"href":"https:\/\/blogs.diariosur.es\/-que-le-compro-\/wp-json\/wp\/v2\/posts\/4289"}],"collection":[{"href":"https:\/\/blogs.diariosur.es\/-que-le-compro-\/wp-json\/wp\/v2\/posts"}],"about":[{"href":"https:\/\/blogs.diariosur.es\/-que-le-compro-\/wp-json\/wp\/v2\/types\/post"}],"author":[{"embeddable":true,"href":"https:\/\/blogs.diariosur.es\/-que-le-compro-\/wp-json\/wp\/v2\/users\/24"}],"replies":[{"embeddable":true,"href":"https:\/\/blogs.diariosur.es\/-que-le-compro-\/wp-json\/wp\/v2\/comments?post=4289"}],"version-history":[{"count":0,"href":"https:\/\/blogs.diariosur.es\/-que-le-compro-\/wp-json\/wp\/v2\/posts\/4289\/revisions"}],"wp:attachment":[{"href":"https:\/\/blogs.diariosur.es\/-que-le-compro-\/wp-json\/wp\/v2\/media?parent=4289"}],"wp:term":[{"taxonomy":"category","embeddable":true,"href":"https:\/\/blogs.diariosur.es\/-que-le-compro-\/wp-json\/wp\/v2\/categories?post=4289"},{"taxonomy":"post_tag","embeddable":true,"href":"https:\/\/blogs.diariosur.es\/-que-le-compro-\/wp-json\/wp\/v2\/tags?post=4289"}],"curies":[{"name":"wp","href":"https:\/\/api.w.org\/{rel}","templated":true}]}}