{"id":4293,"date":"2017-06-29T19:42:20","date_gmt":"2017-06-29T17:42:20","guid":{"rendered":"http:\/\/blogs.diariosur.es\/-que-le-compro-\/?p=4293"},"modified":"2017-06-29T19:42:20","modified_gmt":"2017-06-29T17:42:20","slug":"mercadillos-julio-malaga","status":"publish","type":"post","link":"https:\/\/blogs.diariosur.es\/-que-le-compro-\/2017\/06\/29\/mercadillos-julio-malaga\/","title":{"rendered":"Primeros mercadillos de julio"},"content":{"rendered":"<p>Este jueves el hotel <strong>Molina Lario<\/strong> (en la calle del mismo nombre) celebra en su terraza el Trendy Market a partir de las 19 horas con moda,complementos y m\u00fasica en directo. El viernes, pop up en <strong>La Temporal<\/strong>, que exhibir\u00e1 los trabajos de Eme Ele, Tadoro Tuduri, Torbellino de lunares y Prenda de 12 a 21 horas en la calle La Bolsa 3, 1\u00ba2, en pleno Centro de M\u00e1laga. <\/p>\n<p>El s\u00e1bado, toca una nueva edici\u00f3n de <strong>Made in Soho M\u00e1laga<\/strong>, que de 11 a 19 horas tomar\u00e1 la calle Tom\u00e1s Heredia con stands con accesorios, decoraci\u00f3n, alimentaci\u00f3n, moda\u2026 Tambi\u00e9n habr\u00e1 muestra artesanal en <strong>La Casa Invisible<\/strong>, y atenci\u00f3n porque en julio se repetir\u00e1 todos los s\u00e1bados en un horario diferente, de 18 a 22 horas. Ya sab\u00e9is que se entra gratis por la calle Andr\u00e9s P\u00e9rez 8 para ver los interesantes trabajos en moda, complementos y muchos detalles para &#8216;picar&#8217;.<\/p>\n<p>Adem\u00e1s, el domingo habr\u00e1 <strong>Zoco en Muelle Uno<\/strong> de 17 a 00 horas y en Marbella os recuerdo que contin\u00faa la <strong>muestra internacional de artesan\u00eda de Puerto Ban\u00fas <\/strong>que puede visitarse de lunes a jueves de 11:00 a 24:00 horas y de viernes a domingo de 11:00 a 01:00 hasta el pr\u00f3ximo 31 de agosto.<\/p>\n<p>\u00a1Buen fin de semana!<\/p>\n","protected":false},"excerpt":{"rendered":"<p>Este jueves el hotel Molina Lario (en la calle del mismo nombre) celebra en su terraza el Trendy Market a partir de las 19 horas con moda,complementos y m\u00fasica en directo. El viernes, pop up en La Temporal, que exhibir\u00e1 los trabajos de Eme Ele, Tadoro Tuduri, Torbellino de lunares y Prenda de 12 a [&hellip;]<\/p>\n","protected":false},"author":24,"featured_media":0,"comment_status":"open","ping_status":"open","sticky":false,"template":"","format":"standard","meta":[],"categories":[4,6],"tags":[],"_links":{"self":[{"href":"https:\/\/blogs.diariosur.es\/-que-le-compro-\/wp-json\/wp\/v2\/posts\/4293"}],"collection":[{"href":"https:\/\/blogs.diariosur.es\/-que-le-compro-\/wp-json\/wp\/v2\/posts"}],"about":[{"href":"https:\/\/blogs.diariosur.es\/-que-le-compro-\/wp-json\/wp\/v2\/types\/post"}],"author":[{"embeddable":true,"href":"https:\/\/blogs.diariosur.es\/-que-le-compro-\/wp-json\/wp\/v2\/users\/24"}],"replies":[{"embeddable":true,"href":"https:\/\/blogs.diariosur.es\/-que-le-compro-\/wp-json\/wp\/v2\/comments?post=4293"}],"version-history":[{"count":0,"href":"https:\/\/blogs.diariosur.es\/-que-le-compro-\/wp-json\/wp\/v2\/posts\/4293\/revisions"}],"wp:attachment":[{"href":"https:\/\/blogs.diariosur.es\/-que-le-compro-\/wp-json\/wp\/v2\/media?parent=4293"}],"wp:term":[{"taxonomy":"category","embeddable":true,"href":"https:\/\/blogs.diariosur.es\/-que-le-compro-\/wp-json\/wp\/v2\/categories?post=4293"},{"taxonomy":"post_tag","embeddable":true,"href":"https:\/\/blogs.diariosur.es\/-que-le-compro-\/wp-json\/wp\/v2\/tags?post=4293"}],"curies":[{"name":"wp","href":"https:\/\/api.w.org\/{rel}","templated":true}]}}