{"id":4300,"date":"2017-07-20T16:08:17","date_gmt":"2017-07-20T14:08:17","guid":{"rendered":"http:\/\/blogs.diariosur.es\/-que-le-compro-\/?p=4300"},"modified":"2017-07-20T16:08:17","modified_gmt":"2017-07-20T14:08:17","slug":"outlet-torremolinos-mercadillos","status":"publish","type":"post","link":"https:\/\/blogs.diariosur.es\/-que-le-compro-\/2017\/07\/20\/outlet-torremolinos-mercadillos\/","title":{"rendered":"Summer Outlet Market y m\u00e1s compras para el finde"},"content":{"rendered":"<p>\u00bfPreparados para ir de compras originales este fin de semana en M\u00e1laga? Pues a tomar nota, que la agenda viene cargada y arranca con fuerza ya desde este jueves con el <strong>Trendy Market<\/strong> en el hotel Molina Lario desde las siete de la tarde. <\/p>\n<p>El viernes abre sus puertas en el Palacio de Congresos de Torremolinos el <strong>Summer Outlet Market<\/strong>, que hasta el domingo ofrecer\u00e1 miles de art\u00edculos de distintas marcas con descuentos del 50 al 80%. Se podr\u00e1 visitar de 10 de la ma\u00f1ana a 10 de la noche durante los tres d\u00edas y contar\u00e1 tambi\u00e9n con expositores en los que recuperar fuerza. La entrada es gratis para los menores de 12 a\u00f1os y cuesta 2 euros para el resto de visitantes. <\/p>\n<p>Tambi\u00e9n este d\u00eda habr\u00e1<strong> pop up en La Temporal<\/strong> (en la calle Bolsa 3, 1\u00ba2 en M\u00e1laga capital) como es habitual todos los viernes de 12 a 21 horas.<\/p>\n<p>El s\u00e1bado de 18 a 22 horas habr\u00e1 una nueva edici\u00f3n de la<strong> muestra artesanal en La Casa Invisible<\/strong>, tambi\u00e9n en el Centro de M\u00e1laga. Como siempre, os recuerdo que se entra gratis por la calle Andr\u00e9s P\u00e9rez 8 para ver los interesantes trabajos en moda, complementos y muchos detalles para \u2018picar\u2019.<\/p>\n<p>El domingo, por un lado se podr\u00e1 visitar el Malagueta 4 Market, que de 10 a 21 horas ofrecer\u00e1 en el paseo mar\u00edtimo Ciudad de Melilla mucha moda para toda la familia junto a complementos y decoraci\u00f3n. Paralelamente, La Plaza Merced Market, que toma la c\u00e9ntrica plaza para exhibir accesorios, alimentaci\u00f3n moda y regalos de 11 a 19 horas.<br \/>\nY ya sab\u00e9is que en Marbella os recuerdo contin\u00faa la muestra internacional de artesan\u00eda de Puerto Ban\u00fas que puede visitarse de lunes a jueves de 11:00 a 24:00 horas y de viernes a domingo de 11:00 a 01:00 hasta el pr\u00f3ximo 31 de agosto.<br \/>\n\u00a1Buen fin de semana!<\/p>\n","protected":false},"excerpt":{"rendered":"<p>\u00bfPreparados para ir de compras originales este fin de semana en M\u00e1laga? Pues a tomar nota, que la agenda viene cargada y arranca con fuerza ya desde este jueves con el Trendy Market en el hotel Molina Lario desde las siete de la tarde. El viernes abre sus puertas en el Palacio de Congresos de [&hellip;]<\/p>\n","protected":false},"author":24,"featured_media":0,"comment_status":"open","ping_status":"open","sticky":false,"template":"","format":"standard","meta":[],"categories":[3,4],"tags":[],"_links":{"self":[{"href":"https:\/\/blogs.diariosur.es\/-que-le-compro-\/wp-json\/wp\/v2\/posts\/4300"}],"collection":[{"href":"https:\/\/blogs.diariosur.es\/-que-le-compro-\/wp-json\/wp\/v2\/posts"}],"about":[{"href":"https:\/\/blogs.diariosur.es\/-que-le-compro-\/wp-json\/wp\/v2\/types\/post"}],"author":[{"embeddable":true,"href":"https:\/\/blogs.diariosur.es\/-que-le-compro-\/wp-json\/wp\/v2\/users\/24"}],"replies":[{"embeddable":true,"href":"https:\/\/blogs.diariosur.es\/-que-le-compro-\/wp-json\/wp\/v2\/comments?post=4300"}],"version-history":[{"count":0,"href":"https:\/\/blogs.diariosur.es\/-que-le-compro-\/wp-json\/wp\/v2\/posts\/4300\/revisions"}],"wp:attachment":[{"href":"https:\/\/blogs.diariosur.es\/-que-le-compro-\/wp-json\/wp\/v2\/media?parent=4300"}],"wp:term":[{"taxonomy":"category","embeddable":true,"href":"https:\/\/blogs.diariosur.es\/-que-le-compro-\/wp-json\/wp\/v2\/categories?post=4300"},{"taxonomy":"post_tag","embeddable":true,"href":"https:\/\/blogs.diariosur.es\/-que-le-compro-\/wp-json\/wp\/v2\/tags?post=4300"}],"curies":[{"name":"wp","href":"https:\/\/api.w.org\/{rel}","templated":true}]}}