{"id":4310,"date":"2017-08-24T15:00:31","date_gmt":"2017-08-24T13:00:31","guid":{"rendered":"http:\/\/blogs.diariosur.es\/-que-le-compro-\/?p=4310"},"modified":"2017-08-25T08:10:59","modified_gmt":"2017-08-25T06:10:59","slug":"mercadillo-torre-mar-zoco-frigiliana","status":"publish","type":"post","link":"https:\/\/blogs.diariosur.es\/-que-le-compro-\/2017\/08\/24\/mercadillo-torre-mar-zoco-frigiliana\/","title":{"rendered":"Mercadillos especiales en Torre del Mar, Frigiliana y mucho m\u00e1s"},"content":{"rendered":"<p>La agenda de mercadillos viene este fin de semana cargada, as\u00ed que merece mucho la pena que hag\u00e1is un hueco para visitar alguna de las propuestas que coinciden en estos d\u00edas en M\u00e1laga.<\/p>\n<p>Por orden cronol\u00f3gico, la lista la encabeza la<strong> muestra\u00a0internacional de artesan\u00eda de Puerto Ban\u00fas<\/strong> que puede visitarse de lunes a jueves de 11:00 a 24:00 horas y de viernes a domingo de 11:00 a 01:00 hasta el pr\u00f3ximo 31 de agosto, as\u00ed que ya est\u00e1 en su cuenta atr\u00e1s.<\/p>\n<p>Tambi\u00e9n este jueves hay otras citas:\u00a0el\u00a0<strong>Trendy Market en el hotel Molina Lario<\/strong> desde las siete de la tarde, en la c\u00e9ntrica calle del mismo nombre, en M\u00e1laga capital y arranca el <strong>Festival 3 Culturas de Frigiliana<\/strong>, que hasta el domingo ofrece un variado programa de actividades en el que destaca el gran zoco \u00e1rabe que podr\u00e1 visitarse.<\/p>\n<p>Paralelamente, \u00a0<strong>Benalm\u00e1dena Pueblo<\/strong> acoge un gran zoco \u00e1rabe con 60 puestos repartidos desde calle Real a la iglesia Santo Domingo desde este jueves hasta el domingo.<\/p>\n<p>El viernes por la tarde (19 horas) ser\u00e1 la inauguraci\u00f3n del <strong>mercado marinero de Torre del Mar<\/strong>, que hasta el domingo ofrecer\u00e1 en el paseo Larios\u00a0de esta localidad. \u00a0diferentes actividades como pasacalles, espect\u00e1culos a\u00e9reos, juegos infantiles, todos relacionados con el mundo marinero. El horario del mercado ser\u00e1 de 11:00 a 14:00 y de 18:30 a 00:30 horas aproximadamente.<\/p>\n<p>Tambi\u00e9n el d\u00eda 25 arrancar\u00e1n las<strong> XII Jornadas Escocesas Douglas&#8217; Days en Teba<\/strong>, que incluyen un amplio mercado medieval entre sus actividades, y que podr\u00e1 visitarse hasta el domingo.<\/p>\n<p><a href=\"https:\/\/static-blogs.diariosur.es\/wp-content\/uploads\/sites\/19\/2017\/08\/agenda-malagueta.jpg\"><img loading=\"lazy\" class=\"alignnone size-medium wp-image-4315\" src=\"https:\/\/static-blogs.diariosur.es\/wp-content\/uploads\/sites\/19\/2017\/08\/agenda-malagueta-300x169.jpg\" alt=\"agenda-malagueta\" width=\"300\" height=\"169\" srcset=\"https:\/\/static-blogs.diariosur.es\/wp-content\/uploads\/sites\/19\/2017\/08\/agenda-malagueta-300x169.jpg 300w, https:\/\/static-blogs.diariosur.es\/wp-content\/uploads\/sites\/19\/2017\/08\/agenda-malagueta.jpg 540w\" sizes=\"(max-width: 300px) 100vw, 300px\" \/><\/a><\/p>\n<p>Y el domingo, dos citas en la capital, ambas con mucha moda, artesan\u00eda y creatividad &#8216;made in M\u00e1laga&#8217;. Por un lado, una nueva edici\u00f3n del <strong>Malagueta 4 Market<\/strong>, de 10 a 21 horas en el paseo mar\u00edtimo Ciudad de Melilla, y por otro <strong>La Plaza Merced Market<\/strong>, de 11 a 19 horas en la plaza de la Merced.<\/p>\n<p>\u00a1Buen fin de semana!<\/p>\n","protected":false},"excerpt":{"rendered":"<p>La agenda de mercadillos viene este fin de semana cargada, as\u00ed que merece mucho la pena que hag\u00e1is un hueco para visitar alguna de las propuestas que coinciden en estos d\u00edas en M\u00e1laga. Por orden cronol\u00f3gico, la lista la encabeza la muestra\u00a0internacional de artesan\u00eda de Puerto Ban\u00fas que puede visitarse de lunes a jueves de [&hellip;]<\/p>\n","protected":false},"author":24,"featured_media":0,"comment_status":"open","ping_status":"open","sticky":false,"template":"","format":"standard","meta":[],"categories":[3,4,5],"tags":[1395,1768,1902,2064,2425,4066,4004,4067,4065],"_links":{"self":[{"href":"https:\/\/blogs.diariosur.es\/-que-le-compro-\/wp-json\/wp\/v2\/posts\/4310"}],"collection":[{"href":"https:\/\/blogs.diariosur.es\/-que-le-compro-\/wp-json\/wp\/v2\/posts"}],"about":[{"href":"https:\/\/blogs.diariosur.es\/-que-le-compro-\/wp-json\/wp\/v2\/types\/post"}],"author":[{"embeddable":true,"href":"https:\/\/blogs.diariosur.es\/-que-le-compro-\/wp-json\/wp\/v2\/users\/24"}],"replies":[{"embeddable":true,"href":"https:\/\/blogs.diariosur.es\/-que-le-compro-\/wp-json\/wp\/v2\/comments?post=4310"}],"version-history":[{"count":5,"href":"https:\/\/blogs.diariosur.es\/-que-le-compro-\/wp-json\/wp\/v2\/posts\/4310\/revisions"}],"predecessor-version":[{"id":4317,"href":"https:\/\/blogs.diariosur.es\/-que-le-compro-\/wp-json\/wp\/v2\/posts\/4310\/revisions\/4317"}],"wp:attachment":[{"href":"https:\/\/blogs.diariosur.es\/-que-le-compro-\/wp-json\/wp\/v2\/media?parent=4310"}],"wp:term":[{"taxonomy":"category","embeddable":true,"href":"https:\/\/blogs.diariosur.es\/-que-le-compro-\/wp-json\/wp\/v2\/categories?post=4310"},{"taxonomy":"post_tag","embeddable":true,"href":"https:\/\/blogs.diariosur.es\/-que-le-compro-\/wp-json\/wp\/v2\/tags?post=4310"}],"curies":[{"name":"wp","href":"https:\/\/api.w.org\/{rel}","templated":true}]}}