{"id":4320,"date":"2017-08-31T22:13:22","date_gmt":"2017-08-31T20:13:22","guid":{"rendered":"http:\/\/blogs.diariosur.es\/-que-le-compro-\/?p=4320"},"modified":"2017-08-31T22:13:22","modified_gmt":"2017-08-31T20:13:22","slug":"vuelta-mercadillos-malaga-septiembre","status":"publish","type":"post","link":"https:\/\/blogs.diariosur.es\/-que-le-compro-\/2017\/08\/31\/vuelta-mercadillos-malaga-septiembre\/","title":{"rendered":"La vuelta al cole de los mercadillos"},"content":{"rendered":"<p>Comienza septiembre, y con \u00e9l retoman la actividad algunos de los mercadillos que se hab\u00edan dado un (merecido) descanso durante el verano.<\/p>\n<p>Entre los que vuelven este fin de semana a la agenda figura la muestra artesanal en <strong>La Casa Invisible<\/strong>, que regresa este s\u00e1bado de 12 a 18 horas. Ya sab\u00e9is que est\u00e1n en el Centro de M\u00e1laga, que se entra por la calle Andr\u00e9s P\u00e9rez 8 donde ofrecen interesantes stands con moda, decoraci\u00f3n y distintos complementos hechos a mano.<\/p>\n<p><a href=\"https:\/\/static-blogs.diariosur.es\/wp-content\/uploads\/sites\/19\/2017\/08\/colgantes-malagueta.jpg\"><img loading=\"lazy\" class=\"alignnone size-medium wp-image-4321\" src=\"https:\/\/static-blogs.diariosur.es\/wp-content\/uploads\/sites\/19\/2017\/08\/colgantes-malagueta-226x300.jpg\" alt=\"colgantes-malagueta\" width=\"226\" height=\"300\" srcset=\"https:\/\/static-blogs.diariosur.es\/wp-content\/uploads\/sites\/19\/2017\/08\/colgantes-malagueta-226x300.jpg 226w, https:\/\/static-blogs.diariosur.es\/wp-content\/uploads\/sites\/19\/2017\/08\/colgantes-malagueta.jpg 540w\" sizes=\"(max-width: 226px) 100vw, 226px\" \/><\/a><\/p>\n<p>El plato fuerte ser\u00e1 el domingo, d\u00eda 3 ya que podremos disfrutar de varias citas con mucho donde elegir en art\u00edculos de moda, accesorios, artesan\u00eda&#8230; Por un lado, tendr\u00e1 lugar una edici\u00f3n extra del <strong>Malagueta 4 Market<\/strong>, que tomar\u00e1 de 10 a 21 horas el paseo mar\u00edtimo Ciudad de Melilla. Tambi\u00e9n se celebrar\u00e1 <strong>La Plaza Merced Market<\/strong>, de 11 a 19 horas en la plaza de la Merced, ya que tuvo que aplazarse el domingo pasado por la lluvia. Para completar, zoco en\u00a0 Muelle Uno de 17 a 00 horas.<\/p>\n<p>\u00a1Buen fin de semana!<\/p>\n","protected":false},"excerpt":{"rendered":"<p>Comienza septiembre, y con \u00e9l retoman la actividad algunos de los mercadillos que se hab\u00edan dado un (merecido) descanso durante el verano. Entre los que vuelven este fin de semana a la agenda figura la muestra artesanal en La Casa Invisible, que regresa este s\u00e1bado de 12 a 18 horas. Ya sab\u00e9is que est\u00e1n en [&hellip;]<\/p>\n","protected":false},"author":24,"featured_media":0,"comment_status":"open","ping_status":"open","sticky":false,"template":"","format":"standard","meta":[],"categories":[4,6],"tags":[1902,2064,2256,3968],"_links":{"self":[{"href":"https:\/\/blogs.diariosur.es\/-que-le-compro-\/wp-json\/wp\/v2\/posts\/4320"}],"collection":[{"href":"https:\/\/blogs.diariosur.es\/-que-le-compro-\/wp-json\/wp\/v2\/posts"}],"about":[{"href":"https:\/\/blogs.diariosur.es\/-que-le-compro-\/wp-json\/wp\/v2\/types\/post"}],"author":[{"embeddable":true,"href":"https:\/\/blogs.diariosur.es\/-que-le-compro-\/wp-json\/wp\/v2\/users\/24"}],"replies":[{"embeddable":true,"href":"https:\/\/blogs.diariosur.es\/-que-le-compro-\/wp-json\/wp\/v2\/comments?post=4320"}],"version-history":[{"count":1,"href":"https:\/\/blogs.diariosur.es\/-que-le-compro-\/wp-json\/wp\/v2\/posts\/4320\/revisions"}],"predecessor-version":[{"id":4322,"href":"https:\/\/blogs.diariosur.es\/-que-le-compro-\/wp-json\/wp\/v2\/posts\/4320\/revisions\/4322"}],"wp:attachment":[{"href":"https:\/\/blogs.diariosur.es\/-que-le-compro-\/wp-json\/wp\/v2\/media?parent=4320"}],"wp:term":[{"taxonomy":"category","embeddable":true,"href":"https:\/\/blogs.diariosur.es\/-que-le-compro-\/wp-json\/wp\/v2\/categories?post=4320"},{"taxonomy":"post_tag","embeddable":true,"href":"https:\/\/blogs.diariosur.es\/-que-le-compro-\/wp-json\/wp\/v2\/tags?post=4320"}],"curies":[{"name":"wp","href":"https:\/\/api.w.org\/{rel}","templated":true}]}}