{"id":4324,"date":"2017-09-04T16:18:54","date_gmt":"2017-09-04T14:18:54","guid":{"rendered":"http:\/\/blogs.diariosur.es\/-que-le-compro-\/?p=4324"},"modified":"2017-09-04T16:19:56","modified_gmt":"2017-09-04T14:19:56","slug":"mochila-solidaria-kukuxumusu-ayuda-accion","status":"publish","type":"post","link":"https:\/\/blogs.diariosur.es\/-que-le-compro-\/2017\/09\/04\/mochila-solidaria-kukuxumusu-ayuda-accion\/","title":{"rendered":"Mochila solidaria para la vuelta al cole"},"content":{"rendered":"<p>Estamos empezando septiembre, lo que significa que muchas familias ya est\u00e1n pensando y preparando la vuelta al cole. Toca repasar vestuario, complementos y el material que van a necesitar para este nuevo curso. Entre la multitud de posibilidades que hay, tambi\u00e9n se puede apoyar una buena causa como por ejemplo con la <strong>Mochila Solidaria de Ayuda en Acci\u00f3n<\/strong>, que busca cubrir 15.000 becas y ayudas en Espa\u00f1a.<\/p>\n<p>Esta iniciativa forma parte del programa &#8216;Aqu\u00ed\u00a0 tambi\u00e9n&#8217; de esta ONG, que atiende las necesidades b\u00e1sicas de ni\u00f1os y ni\u00f1as en riesgo de exclusi\u00f3n y ayudar a sus familias a mejorar su situaci\u00f3n.<\/p>\n<p>La mochila, dise\u00f1ada por <strong>Kukuxumusu,<\/strong> est\u00e1 disponible en cuatro colores (azul, naranja, verde y rosa) y cuenta con cuatro dise\u00f1os distintos. <strong>Cuesta s\u00f3lo seis euros y puede adquirirse en Hipercor, Toys R us, Simply y Amazon<\/strong>, que apoyan la campa\u00f1a de forma desinteresada, hasta el 16 de octubre.<\/p>\n<p>\u00a1Avisad@s quedais!<\/p>\n<p><a href=\"https:\/\/static-blogs.diariosur.es\/wp-content\/uploads\/sites\/19\/2017\/09\/mochilas.jpg\"><img loading=\"lazy\" class=\"alignnone size-medium wp-image-4325\" src=\"https:\/\/static-blogs.diariosur.es\/wp-content\/uploads\/sites\/19\/2017\/09\/mochilas-300x251.jpg\" alt=\"mochilas\" width=\"300\" height=\"251\" srcset=\"https:\/\/static-blogs.diariosur.es\/wp-content\/uploads\/sites\/19\/2017\/09\/mochilas-300x251.jpg 300w, https:\/\/static-blogs.diariosur.es\/wp-content\/uploads\/sites\/19\/2017\/09\/mochilas-768x642.jpg 768w, https:\/\/static-blogs.diariosur.es\/wp-content\/uploads\/sites\/19\/2017\/09\/mochilas-1024x856.jpg 1024w, https:\/\/static-blogs.diariosur.es\/wp-content\/uploads\/sites\/19\/2017\/09\/mochilas.jpg 1125w\" sizes=\"(max-width: 300px) 100vw, 300px\" \/><\/a><\/p>\n","protected":false},"excerpt":{"rendered":"<p>Estamos empezando septiembre, lo que significa que muchas familias ya est\u00e1n pensando y preparando la vuelta al cole. Toca repasar vestuario, complementos y el material que van a necesitar para este nuevo curso. Entre la multitud de posibilidades que hay, tambi\u00e9n se puede apoyar una buena causa como por ejemplo con la Mochila Solidaria de [&hellip;]<\/p>\n","protected":false},"author":24,"featured_media":0,"comment_status":"open","ping_status":"open","sticky":false,"template":"","format":"standard","meta":[],"categories":[2,6],"tags":[],"_links":{"self":[{"href":"https:\/\/blogs.diariosur.es\/-que-le-compro-\/wp-json\/wp\/v2\/posts\/4324"}],"collection":[{"href":"https:\/\/blogs.diariosur.es\/-que-le-compro-\/wp-json\/wp\/v2\/posts"}],"about":[{"href":"https:\/\/blogs.diariosur.es\/-que-le-compro-\/wp-json\/wp\/v2\/types\/post"}],"author":[{"embeddable":true,"href":"https:\/\/blogs.diariosur.es\/-que-le-compro-\/wp-json\/wp\/v2\/users\/24"}],"replies":[{"embeddable":true,"href":"https:\/\/blogs.diariosur.es\/-que-le-compro-\/wp-json\/wp\/v2\/comments?post=4324"}],"version-history":[{"count":2,"href":"https:\/\/blogs.diariosur.es\/-que-le-compro-\/wp-json\/wp\/v2\/posts\/4324\/revisions"}],"predecessor-version":[{"id":4327,"href":"https:\/\/blogs.diariosur.es\/-que-le-compro-\/wp-json\/wp\/v2\/posts\/4324\/revisions\/4327"}],"wp:attachment":[{"href":"https:\/\/blogs.diariosur.es\/-que-le-compro-\/wp-json\/wp\/v2\/media?parent=4324"}],"wp:term":[{"taxonomy":"category","embeddable":true,"href":"https:\/\/blogs.diariosur.es\/-que-le-compro-\/wp-json\/wp\/v2\/categories?post=4324"},{"taxonomy":"post_tag","embeddable":true,"href":"https:\/\/blogs.diariosur.es\/-que-le-compro-\/wp-json\/wp\/v2\/tags?post=4324"}],"curies":[{"name":"wp","href":"https:\/\/api.w.org\/{rel}","templated":true}]}}