{"id":4329,"date":"2017-09-06T16:53:00","date_gmt":"2017-09-06T14:53:00","guid":{"rendered":"http:\/\/blogs.diariosur.es\/-que-le-compro-\/?p=4329"},"modified":"2017-09-06T16:57:53","modified_gmt":"2017-09-06T14:57:53","slug":"mercadillos-malaga-puente-septiembre","status":"publish","type":"post","link":"https:\/\/blogs.diariosur.es\/-que-le-compro-\/2017\/09\/06\/mercadillos-malaga-puente-septiembre\/","title":{"rendered":"Muchos mercadillos en el puente de septiembre"},"content":{"rendered":"<p>Este viernes, d\u00eda 8, es fiesta en M\u00e1laga capital, as\u00ed que muchos van a poder disfrutar de fin de semana un poco m\u00e1s largo de lo habitual. As\u00ed que hay m\u00e1s tiempo para poder disfrutar de la amplia agenda de mercadillos que vamos a tener en la capital y provincia, que estos d\u00edas alberga varias propuestas, a cual m\u00e1s atractiva.<\/p>\n<p>Para empezar, cita obligada es ir a Carratraca y\/o a Guaro. La primera localidad celebra su <strong>Festival Embrujo Andalus\u00ed,<\/strong> y la segunda su <strong>Festival Villa de Guaro<\/strong>. Ambas tienen en com\u00fan que iluminar\u00e1n las calles por miles de velas y que, entre otras actividades, contar\u00e1n con un gran zoco artesanal. La celebraci\u00f3n en Carratraca es del viernes al domingo y en Guaro un d\u00eda menos, viernes y s\u00e1bado.<\/p>\n<p><a href=\"https:\/\/static-blogs.diariosur.es\/wp-content\/uploads\/sites\/19\/2017\/09\/carratraca.jpg\"><img loading=\"lazy\" class=\"alignnone size-medium wp-image-4331\" src=\"https:\/\/static-blogs.diariosur.es\/wp-content\/uploads\/sites\/19\/2017\/09\/carratraca-300x185.jpg\" alt=\"carratraca\" width=\"300\" height=\"185\" srcset=\"https:\/\/static-blogs.diariosur.es\/wp-content\/uploads\/sites\/19\/2017\/09\/carratraca-300x185.jpg 300w, https:\/\/static-blogs.diariosur.es\/wp-content\/uploads\/sites\/19\/2017\/09\/carratraca.jpg 624w\" sizes=\"(max-width: 300px) 100vw, 300px\" \/><\/a><\/p>\n<p>Adem\u00e1s, el s\u00e1bado tambi\u00e9n merecer\u00e1 la pena ir a Torremolinos, ya que <a href=\"http:\/\/www.diariosur.es\/costadelsol\/compras-shopping-night-carihuela-20170905154430-nt.html\" rel=\"external nofollow\">La Carihuela celebra su primera Shopping Night<\/a>, que se desarrollar\u00e1 desde las ocho de la tarde a las dos de la madrugada. Tambi\u00e9n contar\u00e1 con actividades paralelas para que la jornada de compras pueda disfrutarse tambi\u00e9n en familia.<\/p>\n<p><a href=\"https:\/\/static-blogs.diariosur.es\/wp-content\/uploads\/sites\/19\/2017\/09\/agenda-playmarkt.jpg\"><img loading=\"lazy\" class=\"alignnone size-medium wp-image-4332\" src=\"https:\/\/static-blogs.diariosur.es\/wp-content\/uploads\/sites\/19\/2017\/09\/agenda-playmarkt-300x150.jpg\" alt=\"agenda-playmarkt\" width=\"300\" height=\"150\" srcset=\"https:\/\/static-blogs.diariosur.es\/wp-content\/uploads\/sites\/19\/2017\/09\/agenda-playmarkt-300x150.jpg 300w, https:\/\/static-blogs.diariosur.es\/wp-content\/uploads\/sites\/19\/2017\/09\/agenda-playmarkt.jpg 720w\" sizes=\"(max-width: 300px) 100vw, 300px\" \/><\/a><\/p>\n<p>Y en la capital, el s\u00e1bado 9 vuelve el <strong>mercadillo de Playmobil<\/strong> al centro comercial M\u00e1laga Nostrum. Ser\u00e1 de 12 a 21 horas en la planta baja del edificio de Ocio, con entrada gruita. Habr\u00e1 stands donde adquirir piezas, talleres de Wargame con Playmobil, actividades infantiles, proyecciones y juegos.<\/p>\n<p>Para completar, el domingo tambi\u00e9n habr\u00e1 <strong>zoco en Muelle Uno<\/strong> de 11 a 18 horas, en el Puerto de M\u00e1laga con mucha moda, artesan\u00eda, complementos&#8230;<\/p>\n<p>\u00a1Buen fin de semana!<\/p>\n","protected":false},"excerpt":{"rendered":"<p>Este viernes, d\u00eda 8, es fiesta en M\u00e1laga capital, as\u00ed que muchos van a poder disfrutar de fin de semana un poco m\u00e1s largo de lo habitual. As\u00ed que hay m\u00e1s tiempo para poder disfrutar de la amplia agenda de mercadillos que vamos a tener en la capital y provincia, que estos d\u00edas alberga varias [&hellip;]<\/p>\n","protected":false},"author":24,"featured_media":0,"comment_status":"open","ping_status":"open","sticky":false,"template":"","format":"standard","meta":[],"categories":[2,3,4,5,7],"tags":[],"_links":{"self":[{"href":"https:\/\/blogs.diariosur.es\/-que-le-compro-\/wp-json\/wp\/v2\/posts\/4329"}],"collection":[{"href":"https:\/\/blogs.diariosur.es\/-que-le-compro-\/wp-json\/wp\/v2\/posts"}],"about":[{"href":"https:\/\/blogs.diariosur.es\/-que-le-compro-\/wp-json\/wp\/v2\/types\/post"}],"author":[{"embeddable":true,"href":"https:\/\/blogs.diariosur.es\/-que-le-compro-\/wp-json\/wp\/v2\/users\/24"}],"replies":[{"embeddable":true,"href":"https:\/\/blogs.diariosur.es\/-que-le-compro-\/wp-json\/wp\/v2\/comments?post=4329"}],"version-history":[{"count":3,"href":"https:\/\/blogs.diariosur.es\/-que-le-compro-\/wp-json\/wp\/v2\/posts\/4329\/revisions"}],"predecessor-version":[{"id":4334,"href":"https:\/\/blogs.diariosur.es\/-que-le-compro-\/wp-json\/wp\/v2\/posts\/4329\/revisions\/4334"}],"wp:attachment":[{"href":"https:\/\/blogs.diariosur.es\/-que-le-compro-\/wp-json\/wp\/v2\/media?parent=4329"}],"wp:term":[{"taxonomy":"category","embeddable":true,"href":"https:\/\/blogs.diariosur.es\/-que-le-compro-\/wp-json\/wp\/v2\/categories?post=4329"},{"taxonomy":"post_tag","embeddable":true,"href":"https:\/\/blogs.diariosur.es\/-que-le-compro-\/wp-json\/wp\/v2\/tags?post=4329"}],"curies":[{"name":"wp","href":"https:\/\/api.w.org\/{rel}","templated":true}]}}