{"id":4338,"date":"2017-09-15T13:37:15","date_gmt":"2017-09-15T11:37:15","guid":{"rendered":"http:\/\/blogs.diariosur.es\/-que-le-compro-\/?p=4338"},"modified":"2017-09-15T13:37:15","modified_gmt":"2017-09-15T11:37:15","slug":"mercadillo-discos-malaga","status":"publish","type":"post","link":"https:\/\/blogs.diariosur.es\/-que-le-compro-\/2017\/09\/15\/mercadillo-discos-malaga\/","title":{"rendered":"Feria del Disco, vuelve la Temporal y m\u00e1s"},"content":{"rendered":"<p>\u00a1Lleg\u00f3 el fin de semana! \u00bfHay ganas de mercadillos? Pues ya desde este jueves podr\u00e9is disfrutar de uno en M\u00e1laga capital, el del hotel Molina Lario (en la c\u00e9ntrica calle del mismo nombre) que desde las siete de la tarde organiza una nueva edici\u00f3n de su <strong>Trendy Market<\/strong>, con moda y complementos y m\u00fasica en directo.<\/p>\n<p>El viernes vuelve <strong>La Temporal<\/strong> tras un par\u00e9ntesis veraniego con sus pop up. En esta ocasi\u00f3n se podr\u00e1n ver, seg\u00fan anuncian, los avances de temporada de Tropically, Prenda, La Pita Atelier, Torbellino de Lunares, Dos Malinches y las joyas de Los Complementos de Mar\u00eda. Adem\u00e1s, anuncian una sorpresa para las que acudan,\u00a0por gentileza La Reuni\u00f3n Des Amies. Os recuerdo que est\u00e1n en la Calle Bolsa 3, 1\u00baC de 12 a 21 horas.<\/p>\n<p>Y ojo que el domingo hay dos citas tambi\u00e9n en la capital. Una es la que propone el <strong>Zoco de Muelle Uno<\/strong>, que de 11 a 18 horas reunir\u00e1 una vez m\u00e1s interesantes expositores con moda, accesorios y complementos de todo tipo, decoraci\u00f3n, alimentaci\u00f3n&#8230; Y la otra propuesta va dirigida a los amantes de la m\u00fasica, ya que el hotel M\u00e1laga Centro (calle M\u00e1rmoles 6) \u00a0alberga de 11 a 20 horas la<strong> Feria del Disco<\/strong>.<\/p>\n<p>\u00a1Buen fin de semana!<\/p>\n<p>&nbsp;<\/p>\n<p>&nbsp;<\/p>\n","protected":false},"excerpt":{"rendered":"<p>\u00a1Lleg\u00f3 el fin de semana! \u00bfHay ganas de mercadillos? Pues ya desde este jueves podr\u00e9is disfrutar de uno en M\u00e1laga capital, el del hotel Molina Lario (en la c\u00e9ntrica calle del mismo nombre) que desde las siete de la tarde organiza una nueva edici\u00f3n de su Trendy Market, con moda y complementos y m\u00fasica en [&hellip;]<\/p>\n","protected":false},"author":24,"featured_media":0,"comment_status":"open","ping_status":"open","sticky":false,"template":"","format":"standard","meta":[],"categories":[4,6],"tags":[1378,4068,1651,1915,4069,4004,3968],"_links":{"self":[{"href":"https:\/\/blogs.diariosur.es\/-que-le-compro-\/wp-json\/wp\/v2\/posts\/4338"}],"collection":[{"href":"https:\/\/blogs.diariosur.es\/-que-le-compro-\/wp-json\/wp\/v2\/posts"}],"about":[{"href":"https:\/\/blogs.diariosur.es\/-que-le-compro-\/wp-json\/wp\/v2\/types\/post"}],"author":[{"embeddable":true,"href":"https:\/\/blogs.diariosur.es\/-que-le-compro-\/wp-json\/wp\/v2\/users\/24"}],"replies":[{"embeddable":true,"href":"https:\/\/blogs.diariosur.es\/-que-le-compro-\/wp-json\/wp\/v2\/comments?post=4338"}],"version-history":[{"count":1,"href":"https:\/\/blogs.diariosur.es\/-que-le-compro-\/wp-json\/wp\/v2\/posts\/4338\/revisions"}],"predecessor-version":[{"id":4339,"href":"https:\/\/blogs.diariosur.es\/-que-le-compro-\/wp-json\/wp\/v2\/posts\/4338\/revisions\/4339"}],"wp:attachment":[{"href":"https:\/\/blogs.diariosur.es\/-que-le-compro-\/wp-json\/wp\/v2\/media?parent=4338"}],"wp:term":[{"taxonomy":"category","embeddable":true,"href":"https:\/\/blogs.diariosur.es\/-que-le-compro-\/wp-json\/wp\/v2\/categories?post=4338"},{"taxonomy":"post_tag","embeddable":true,"href":"https:\/\/blogs.diariosur.es\/-que-le-compro-\/wp-json\/wp\/v2\/tags?post=4338"}],"curies":[{"name":"wp","href":"https:\/\/api.w.org\/{rel}","templated":true}]}}