{"id":4341,"date":"2017-09-21T19:37:23","date_gmt":"2017-09-21T17:37:23","guid":{"rendered":"http:\/\/blogs.diariosur.es\/-que-le-compro-\/?p=4341"},"modified":"2017-09-21T21:23:44","modified_gmt":"2017-09-21T19:23:44","slug":"mercadillo-pta-malaga-agenda","status":"publish","type":"post","link":"https:\/\/blogs.diariosur.es\/-que-le-compro-\/2017\/09\/21\/mercadillo-pta-malaga-agenda\/","title":{"rendered":"Nuevo mercadillo en el PTA y vuelven &#8216;los invisibles&#8217;"},"content":{"rendered":"<p>\u00a1Ya est\u00e1 aqu\u00ed el fin de semana! Y como en M\u00e1laga a\u00fan tenemos por ahora verano para rato y se puede disfrutar todav\u00eda de d\u00edas largos a temperaturas m\u00e1s que agradables, en el <strong>Palmeral de las Sorpresas<\/strong> se ha instalado un mercadillo que se podr\u00e1 visitar diariamente hasta el 29 de octubre.<\/p>\n<p>Y otra novedad en la agenda de shopping local para este fin de semana: el mercadillo de la asociaci\u00f3n <strong>Guadalhorce Ecol\u00f3gico que se estrena este jueves en el PTA<\/strong>. Ser\u00e1 de\u00a0 12 a 19 horas en la plaza del edificio Oracle, cada quince d\u00edas, para tratar de acercar los productos del Guadalhorce a los vecinos de la zona y especialmente a los trabajadores de la tecn\u00f3polis. Una idea muy interesante, \u00bfno os parece? \u00a1suerte!<\/p>\n<p>Para el viernes, habr\u00e1 una nueva pop up en <strong>La Temporal,<\/strong> que se celebra como suele ser habitual de 12 a 21 horas en la calle Bolsa 3, 1\u00ba2. Y el s\u00e1bado, atenci\u00f3n que vuelve la muestra artesanal a<strong> La Casa Invisible<\/strong> tras sus vacaciones veraniegas. Ser\u00e1 de 17 a 21 horas.<\/p>\n<p><a href=\"https:\/\/static-blogs.diariosur.es\/wp-content\/uploads\/sites\/19\/2017\/09\/invi.jpg\"><img loading=\"lazy\" class=\"alignnone size-medium wp-image-4342\" src=\"https:\/\/static-blogs.diariosur.es\/wp-content\/uploads\/sites\/19\/2017\/09\/invi-264x300.jpg\" alt=\"invi\" width=\"264\" height=\"300\" srcset=\"https:\/\/static-blogs.diariosur.es\/wp-content\/uploads\/sites\/19\/2017\/09\/invi-264x300.jpg 264w, https:\/\/static-blogs.diariosur.es\/wp-content\/uploads\/sites\/19\/2017\/09\/invi-768x874.jpg 768w, https:\/\/static-blogs.diariosur.es\/wp-content\/uploads\/sites\/19\/2017\/09\/invi.jpg 844w\" sizes=\"(max-width: 264px) 100vw, 264px\" \/><\/a><\/p>\n<p>Por la ma\u00f1ana, mercadillo de alimentos saludables y de temporada en el <strong>Parque Huelin<\/strong> de 10 a 14 horas de la mano de la asociaci\u00f3n Guadalhorce Ecol\u00f3gico, tambi\u00e9n en la capital.<\/p>\n<p>Para completar, el d\u00eda 24 al ser el \u00faltimo domingo del mes ya sab\u00e9is que coinciden dos citas, que son ya de las m\u00e1s veteranas del calendario de mercadillos &#8216;made in M\u00e1laga&#8217;. Una es La <strong>Malagueta 4 Market<\/strong>, que tomar\u00e1 como siempre el Paseo Mar\u00edtimo Ciudad de Melilla (La Malagueta) de 10 a 20 horas con mucha moda, artesan\u00eda, complementos, decoraci\u00f3n&#8230; Por su parte<strong>, La Plaza Merced Market<\/strong> har\u00e1 lo propio en la c\u00e9ntrica palza de la Merced de 11 a 19 horas tambi\u00e9n con moda para toda la familia, accesorios de distinto tipo, alimentaci\u00f3n y mucho m\u00e1s.<\/p>\n<p><a href=\"https:\/\/static-blogs.diariosur.es\/wp-content\/uploads\/sites\/19\/2017\/09\/plazam.jpg\"><img loading=\"lazy\" class=\"alignnone size-medium wp-image-4343\" src=\"https:\/\/static-blogs.diariosur.es\/wp-content\/uploads\/sites\/19\/2017\/09\/plazam-300x225.jpg\" alt=\"plazam\" width=\"300\" height=\"225\" srcset=\"https:\/\/static-blogs.diariosur.es\/wp-content\/uploads\/sites\/19\/2017\/09\/plazam-300x225.jpg 300w, https:\/\/static-blogs.diariosur.es\/wp-content\/uploads\/sites\/19\/2017\/09\/plazam-768x576.jpg 768w, https:\/\/static-blogs.diariosur.es\/wp-content\/uploads\/sites\/19\/2017\/09\/plazam.jpg 960w\" sizes=\"(max-width: 300px) 100vw, 300px\" \/><\/a><\/p>\n<p>\u00a1Buen fin de semana!<\/p>\n","protected":false},"excerpt":{"rendered":"<p>\u00a1Ya est\u00e1 aqu\u00ed el fin de semana! Y como en M\u00e1laga a\u00fan tenemos por ahora verano para rato y se puede disfrutar todav\u00eda de d\u00edas largos a temperaturas m\u00e1s que agradables, en el Palmeral de las Sorpresas se ha instalado un mercadillo que se podr\u00e1 visitar diariamente hasta el 29 de octubre. Y otra novedad [&hellip;]<\/p>\n","protected":false},"author":24,"featured_media":0,"comment_status":"open","ping_status":"open","sticky":false,"template":"","format":"standard","meta":[],"categories":[4],"tags":[4073,1889,1902,1914,2227,4072,4070,2254,4071,4074],"_links":{"self":[{"href":"https:\/\/blogs.diariosur.es\/-que-le-compro-\/wp-json\/wp\/v2\/posts\/4341"}],"collection":[{"href":"https:\/\/blogs.diariosur.es\/-que-le-compro-\/wp-json\/wp\/v2\/posts"}],"about":[{"href":"https:\/\/blogs.diariosur.es\/-que-le-compro-\/wp-json\/wp\/v2\/types\/post"}],"author":[{"embeddable":true,"href":"https:\/\/blogs.diariosur.es\/-que-le-compro-\/wp-json\/wp\/v2\/users\/24"}],"replies":[{"embeddable":true,"href":"https:\/\/blogs.diariosur.es\/-que-le-compro-\/wp-json\/wp\/v2\/comments?post=4341"}],"version-history":[{"count":2,"href":"https:\/\/blogs.diariosur.es\/-que-le-compro-\/wp-json\/wp\/v2\/posts\/4341\/revisions"}],"predecessor-version":[{"id":4346,"href":"https:\/\/blogs.diariosur.es\/-que-le-compro-\/wp-json\/wp\/v2\/posts\/4341\/revisions\/4346"}],"wp:attachment":[{"href":"https:\/\/blogs.diariosur.es\/-que-le-compro-\/wp-json\/wp\/v2\/media?parent=4341"}],"wp:term":[{"taxonomy":"category","embeddable":true,"href":"https:\/\/blogs.diariosur.es\/-que-le-compro-\/wp-json\/wp\/v2\/categories?post=4341"},{"taxonomy":"post_tag","embeddable":true,"href":"https:\/\/blogs.diariosur.es\/-que-le-compro-\/wp-json\/wp\/v2\/tags?post=4341"}],"curies":[{"name":"wp","href":"https:\/\/api.w.org\/{rel}","templated":true}]}}