{"id":4348,"date":"2017-09-28T16:16:42","date_gmt":"2017-09-28T14:16:42","guid":{"rendered":"http:\/\/blogs.diariosur.es\/-que-le-compro-\/?p=4348"},"modified":"2017-09-29T16:19:45","modified_gmt":"2017-09-29T14:19:45","slug":"outlet-arroyo-miel-superjueves","status":"publish","type":"post","link":"https:\/\/blogs.diariosur.es\/-que-le-compro-\/2017\/09\/28\/outlet-arroyo-miel-superjueves\/","title":{"rendered":"Outlet en Benalm\u00e1dena y otros mercadillos"},"content":{"rendered":"<p>Rara es la semana que en la agenda de mercadillos de M\u00e1laga no hay alguna novedad, \u00faltimamente. Y esta vuelve a ocurrir. El escenario ser\u00e1 Arroyo de la Miel, que desde este viernes al domingo acoge un <strong>Outlet fin de Verano<\/strong>, que ofrecer\u00e1 un Outlet de moda y complementos y un Mercado de Artesan\u00eda. Ser\u00e1 en plena calle, en la de Blas Infante, que se decorar\u00e1 para la ocasi\u00f3n, y el horario ser\u00e1 el viernes de 17:00 a 00:00 horas, y el s\u00e1bado 30 y domingo 1, de 12:00 a 24:00 horas.<\/p>\n<p><a href=\"https:\/\/static-blogs.diariosur.es\/wp-content\/uploads\/sites\/19\/2017\/09\/outlet.jpg\"><img loading=\"lazy\" class=\"alignnone size-medium wp-image-4349\" src=\"https:\/\/static-blogs.diariosur.es\/wp-content\/uploads\/sites\/19\/2017\/09\/outlet-212x300.jpg\" alt=\"outlet\" width=\"212\" height=\"300\" srcset=\"https:\/\/static-blogs.diariosur.es\/wp-content\/uploads\/sites\/19\/2017\/09\/outlet-212x300.jpg 212w, https:\/\/static-blogs.diariosur.es\/wp-content\/uploads\/sites\/19\/2017\/09\/outlet.jpg 630w\" sizes=\"(max-width: 212px) 100vw, 212px\" \/><\/a><\/p>\n<p>Adem\u00e1s, habr\u00e1 pintacaras gratuito: s\u00e1bado 30 y domingo 1, de 12:00 a 14:00 horas, y de 17:00 a 19:00 horas. Y no faltar\u00e1 la m\u00fasica a cargo del tr\u00edo de fagotes Anela, perteneciente a la Joven Orquesta Provincial de M\u00e1laga el domingo, con pases a las 12:30 y a las 13:30 horas.<\/p>\n<p>Adem\u00e1s, tambi\u00e9n habr\u00e1 pop up en<strong> La Temporal<\/strong> (calle Bolsa 3, 1\u00ba2) de 12 a 21 horas como siempre que exhibir\u00e1 las creaciones de Prenda, Nanka Nanka, Torbellino de lunares y, para los m\u00e1s peques, Valentina hecho en casa.<\/p>\n<p>Tambi\u00e9n de viernes al domingo podr\u00e1 disfrutarse de un zoco en<strong> C\u00e1rtama<\/strong> con motivo de la celebraci\u00f3n de las Bellas Noches de Jaifa y para completar, de nuevo en la capital el domingo habr\u00e1 Zoco en Muelle Uno de 11 a 18 horas con moda, decoraci\u00f3n, alimentaci\u00f3n&#8230;. Y adem\u00e1s cerca de all\u00ed, en Muelle 2, os recuerdo que hasta el 29 de octubre se puede disfrutar todos los d\u00edas de una pop up con expositores con complementos, moda y art\u00edculos diversos para regalar.<\/p>\n<p>\u00a1Buen fin de semana!<\/p>\n<p>Y para abrir boca el Factory Outlet M\u00e1laga ofrece una nueva edici\u00f3n de su #S\u00faper Jueves con estas promociones durante todo el d\u00eda:<\/p>\n<p><strong>Parfois<\/strong>: Lleva 3 art\u00edculos y paga 2.<br \/>\n&#8211;\u00a0<strong>Perfumer\u00edas\u00a0<\/strong>If: Bolso de regalo. *Por compras superiores a 40 \u20ac.<br \/>\n&#8211;\u00a0<strong>Desigual<\/strong>: 20% Dto. adicional en Vestidos de WOMAN y en camisas de MAN.<br \/>\n&#8211;\u00a0<strong>Solera<\/strong>: 15% de descuento en todos los productos de la nueva temporada.<br \/>\n&#8211;\u00a0<strong>Oportunidades El Corte Ingl\u00e9s<\/strong>: Hasta el 70% Dto. adicional en una selecci\u00f3n de art\u00edculos.<br \/>\n&#8211;\u00a0<strong>Mango Outlet<\/strong>: COMPRA 2 Unidades o m\u00e1s; descuento -20% en el total compra.<br \/>\n&#8211;\u00a0<strong>Spagnolo<\/strong>: 50% de descuento sobre la segunda prenda, excepto complementos y americanas.<br \/>\n&#8211;\u00a0<strong>OhGar!<\/strong>: 15% Dto. en toda la tienda.<br \/>\n&#8211;\u00a0<strong>Famaliving<\/strong>: 15% Dto. en la colecci\u00f3n Sof\u00e1s Famaliving.<br \/>\n&#8211;\u00a0<strong>Mustang Store<\/strong>: Hasta -50% en selecci\u00f3n de art\u00edculos.<br \/>\n&#8211;\u00a0<strong>Stylo<\/strong>: 20% Dto. adicional en una selecci\u00f3n de art\u00edculos.<br \/>\n&#8211;\u00a0<strong>Shana<\/strong>: 25% Dto. adicional en una selecci\u00f3n de art\u00edculos.<br \/>\n&#8211; Out Factory: 50% de descuento sobre la segunda prenda, excepto complementos y americanas.<br \/>\n&#8211;\u00a0<strong>Charanga<\/strong>: 20% de descuento adicional sobre el PVP REBAJADO por la compra de 5 o m\u00e1s productos.<br \/>\n&#8211;\u00a0<strong>Soloptical<\/strong>: 20% Dto. en gafas de sol y 2&#215;1 en gafas graduadas.<br \/>\n&#8211;\u00a0<strong>Amichi<\/strong>: 10% Dto. adicional en art\u00edculos seleccionados.<br \/>\n&#8211;\u00a0<strong>Levi\u00b4s<\/strong>: 3&#215;2 en todo el producto &#8220;superprecio&#8221;.<br \/>\n&#8211;\u00a0<strong>Xti Store<\/strong>: &#8211; 10% Dto. por 1 par, &#8211; 20% Dto. por 2 pares, -30 % Dto. por tres pares.<br \/>\n&#8211;\u00a0<strong>Herradura<\/strong>: Descuento del 10 % adicional. Regalo sorpresa por compras superior a 20 \u20ac.<br \/>\n&#8211;\u00a0<strong>Fifty Factory<\/strong>: 60% en art\u00edculos seleccionados y 25\u20ac en deportivas de Springfield, Cortefiel y Pedro del<br \/>\nHierro.<\/p>\n","protected":false},"excerpt":{"rendered":"<p>Rara es la semana que en la agenda de mercadillos de M\u00e1laga no hay alguna novedad, \u00faltimamente. Y esta vuelve a ocurrir. El escenario ser\u00e1 Arroyo de la Miel, que desde este viernes al domingo acoge un Outlet fin de Verano, que ofrecer\u00e1 un Outlet de moda y complementos y un Mercado de Artesan\u00eda. Ser\u00e1 [&hellip;]<\/p>\n","protected":false},"author":24,"featured_media":0,"comment_status":"open","ping_status":"open","sticky":false,"template":"","format":"standard","meta":[],"categories":[2,4,5],"tags":[1341,4077,4075,2976,4078,4076],"_links":{"self":[{"href":"https:\/\/blogs.diariosur.es\/-que-le-compro-\/wp-json\/wp\/v2\/posts\/4348"}],"collection":[{"href":"https:\/\/blogs.diariosur.es\/-que-le-compro-\/wp-json\/wp\/v2\/posts"}],"about":[{"href":"https:\/\/blogs.diariosur.es\/-que-le-compro-\/wp-json\/wp\/v2\/types\/post"}],"author":[{"embeddable":true,"href":"https:\/\/blogs.diariosur.es\/-que-le-compro-\/wp-json\/wp\/v2\/users\/24"}],"replies":[{"embeddable":true,"href":"https:\/\/blogs.diariosur.es\/-que-le-compro-\/wp-json\/wp\/v2\/comments?post=4348"}],"version-history":[{"count":3,"href":"https:\/\/blogs.diariosur.es\/-que-le-compro-\/wp-json\/wp\/v2\/posts\/4348\/revisions"}],"predecessor-version":[{"id":4353,"href":"https:\/\/blogs.diariosur.es\/-que-le-compro-\/wp-json\/wp\/v2\/posts\/4348\/revisions\/4353"}],"wp:attachment":[{"href":"https:\/\/blogs.diariosur.es\/-que-le-compro-\/wp-json\/wp\/v2\/media?parent=4348"}],"wp:term":[{"taxonomy":"category","embeddable":true,"href":"https:\/\/blogs.diariosur.es\/-que-le-compro-\/wp-json\/wp\/v2\/categories?post=4348"},{"taxonomy":"post_tag","embeddable":true,"href":"https:\/\/blogs.diariosur.es\/-que-le-compro-\/wp-json\/wp\/v2\/tags?post=4348"}],"curies":[{"name":"wp","href":"https:\/\/api.w.org\/{rel}","templated":true}]}}