{"id":4357,"date":"2017-10-02T16:52:37","date_gmt":"2017-10-02T14:52:37","guid":{"rendered":"http:\/\/blogs.diariosur.es\/-que-le-compro-\/?p=4357"},"modified":"2017-10-02T16:52:37","modified_gmt":"2017-10-02T14:52:37","slug":"renattago-tienda-malaga","status":"publish","type":"post","link":"https:\/\/blogs.diariosur.es\/-que-le-compro-\/2017\/10\/02\/renattago-tienda-malaga\/","title":{"rendered":"renatta&#038;go abre su primera tienda en M\u00e1laga"},"content":{"rendered":"<p><strong>renatta&amp;go<\/strong> ya est\u00e1 en M\u00e1laga. La firma ha abierto en El Corte Ingl\u00e9s de la Avenida de Andaluc\u00eda, lo que supone su primera tienda en nuestra ciudad y la tercera de la empresa en estos grandes almacenes.<\/p>\n<p><a href=\"https:\/\/static-blogs.diariosur.es\/wp-content\/uploads\/sites\/19\/2017\/10\/renatta.jpg\"><img loading=\"lazy\" class=\"alignnone size-large wp-image-4358\" src=\"https:\/\/static-blogs.diariosur.es\/wp-content\/uploads\/sites\/19\/2017\/10\/renatta-1024x596.jpg\" alt=\"renatta\" width=\"1024\" height=\"596\" srcset=\"https:\/\/static-blogs.diariosur.es\/wp-content\/uploads\/sites\/19\/2017\/10\/renatta-1024x596.jpg 1024w, https:\/\/static-blogs.diariosur.es\/wp-content\/uploads\/sites\/19\/2017\/10\/renatta-300x175.jpg 300w, https:\/\/static-blogs.diariosur.es\/wp-content\/uploads\/sites\/19\/2017\/10\/renatta-768x447.jpg 768w, https:\/\/static-blogs.diariosur.es\/wp-content\/uploads\/sites\/19\/2017\/10\/renatta.jpg 1432w\" sizes=\"(max-width: 1024px) 100vw, 1024px\" \/><\/a><\/p>\n<p>En su nuevo espacio, dirigido al p\u00fablico femenino, la decoraci\u00f3n combina elementos retro y vintage y ofrecer\u00e1 sus distintos colecciones a precios interesantes, seg\u00fan anuncian.<\/p>\n<p>La empresa, fundada en Madrid en 2012, ha llegado a un acuerdo con El Corte Ingl\u00e9s para abrir tres tiendas con la colecci\u00f3n de invierno y otras cinco para la colecci\u00f3n de primavera-verano del 2018 en ciudades como Sevilla, Granada o Vigo.<\/p>\n<p>\u00a1Bienvenidos!<\/p>\n<p><a href=\"https:\/\/static-blogs.diariosur.es\/wp-content\/uploads\/sites\/19\/2017\/10\/renata2.jpg\"><img loading=\"lazy\" class=\"alignnone size-large wp-image-4359\" src=\"https:\/\/static-blogs.diariosur.es\/wp-content\/uploads\/sites\/19\/2017\/10\/renata2-768x1024.jpg\" alt=\"renata2\" width=\"768\" height=\"1024\" srcset=\"https:\/\/static-blogs.diariosur.es\/wp-content\/uploads\/sites\/19\/2017\/10\/renata2-768x1024.jpg 768w, https:\/\/static-blogs.diariosur.es\/wp-content\/uploads\/sites\/19\/2017\/10\/renata2-225x300.jpg 225w, https:\/\/static-blogs.diariosur.es\/wp-content\/uploads\/sites\/19\/2017\/10\/renata2.jpg 960w\" sizes=\"(max-width: 768px) 100vw, 768px\" \/><\/a><\/p>\n","protected":false},"excerpt":{"rendered":"<p>renatta&amp;go ya est\u00e1 en M\u00e1laga. La firma ha abierto en El Corte Ingl\u00e9s de la Avenida de Andaluc\u00eda, lo que supone su primera tienda en nuestra ciudad y la tercera de la empresa en estos grandes almacenes. En su nuevo espacio, dirigido al p\u00fablico femenino, la decoraci\u00f3n combina elementos retro y vintage y ofrecer\u00e1 sus [&hellip;]<\/p>\n","protected":false},"author":24,"featured_media":0,"comment_status":"open","ping_status":"open","sticky":false,"template":"","format":"standard","meta":[],"categories":[2,7,8],"tags":[4081,4082,4079,4080],"_links":{"self":[{"href":"https:\/\/blogs.diariosur.es\/-que-le-compro-\/wp-json\/wp\/v2\/posts\/4357"}],"collection":[{"href":"https:\/\/blogs.diariosur.es\/-que-le-compro-\/wp-json\/wp\/v2\/posts"}],"about":[{"href":"https:\/\/blogs.diariosur.es\/-que-le-compro-\/wp-json\/wp\/v2\/types\/post"}],"author":[{"embeddable":true,"href":"https:\/\/blogs.diariosur.es\/-que-le-compro-\/wp-json\/wp\/v2\/users\/24"}],"replies":[{"embeddable":true,"href":"https:\/\/blogs.diariosur.es\/-que-le-compro-\/wp-json\/wp\/v2\/comments?post=4357"}],"version-history":[{"count":1,"href":"https:\/\/blogs.diariosur.es\/-que-le-compro-\/wp-json\/wp\/v2\/posts\/4357\/revisions"}],"predecessor-version":[{"id":4360,"href":"https:\/\/blogs.diariosur.es\/-que-le-compro-\/wp-json\/wp\/v2\/posts\/4357\/revisions\/4360"}],"wp:attachment":[{"href":"https:\/\/blogs.diariosur.es\/-que-le-compro-\/wp-json\/wp\/v2\/media?parent=4357"}],"wp:term":[{"taxonomy":"category","embeddable":true,"href":"https:\/\/blogs.diariosur.es\/-que-le-compro-\/wp-json\/wp\/v2\/categories?post=4357"},{"taxonomy":"post_tag","embeddable":true,"href":"https:\/\/blogs.diariosur.es\/-que-le-compro-\/wp-json\/wp\/v2\/tags?post=4357"}],"curies":[{"name":"wp","href":"https:\/\/api.w.org\/{rel}","templated":true}]}}