{"id":4361,"date":"2017-10-03T16:27:05","date_gmt":"2017-10-03T14:27:05","guid":{"rendered":"http:\/\/blogs.diariosur.es\/-que-le-compro-\/?p=4361"},"modified":"2017-10-04T12:08:25","modified_gmt":"2017-10-04T10:08:25","slug":"outlet-rincon-victoria-moda","status":"publish","type":"post","link":"https:\/\/blogs.diariosur.es\/-que-le-compro-\/2017\/10\/03\/outlet-rincon-victoria-moda\/","title":{"rendered":"Outlet y I Semana de la Moda en Rinc\u00f3n de la Victoria"},"content":{"rendered":"<p>La moda toma Rinc\u00f3n de la Victoria. La localidad celebra su primera Semana de la Moda, que se desarrollar\u00e1 en la plaza de la Constituci\u00f3n desde este mi\u00e9rcoles 4, hasta el pr\u00f3ximo domingo 8. La cita coincidir\u00e1 con la segunda edici\u00f3n de la feria de oportunidades \u2018Outlet Pasi\u00f3n\u2019, que ser\u00e1 del jueves al s\u00e1bado y en la que participar\u00e1n una decena de expositores de tiendas del municipio.<\/p>\n<p>Durante la Semana de la Moda se celebrar\u00e1n diferentes desfiles, como la <strong>Pasarela Biznaga<\/strong>, con trajes tradicionales malague\u00f1os, y el desfile de alta costura de los dise\u00f1adores de la Escuela de modelos de Manuel Beltr\u00e1n, o la Pasarela Rinc\u00f3n Moda, con complementos y joyas de las tiendas de Rinc\u00f3n de la Victoria.<\/p>\n<p>La feria Outlet Pasi\u00f3n se celebrar\u00e1 del jueves al s\u00e1bado en la Plaza de la Constituci\u00f3n. El horario de apertura ser\u00e1: mi\u00e9rcoles y jueves de 17:00 a 21:00 horas, viernes y s\u00e1bado de 10:00 a 22:00 horas y domingo de 10:00 a 21:00 horas.<br \/>\nEsta segunda edici\u00f3n contar\u00e1 con cerca de una decena de expositores de comercios del municipio, entre los que figuran Trendy, Aerostato, Mercer\u00eda Caprichos, Morver Joyeros, Opticala, Calzados Cristina, Halter, Top Outlet Rinc\u00f3n, La Marquesita y Actual Woman, y que ofrecer\u00e1n art\u00edculos con descuentos.<br \/>\nLa apertura de la Semana de la Moda ser\u00e1 el mi\u00e9rcoles 4 de octubre a partir de las 17:00 horas.<\/p>\n<p><a href=\"https:\/\/static-blogs.diariosur.es\/wp-content\/uploads\/sites\/19\/2017\/10\/pasion.jpg\"><img loading=\"lazy\" class=\"alignnone size-full wp-image-4364\" src=\"https:\/\/static-blogs.diariosur.es\/wp-content\/uploads\/sites\/19\/2017\/10\/pasion.jpg\" alt=\"pasion\" width=\"480\" height=\"678\" srcset=\"https:\/\/static-blogs.diariosur.es\/wp-content\/uploads\/sites\/19\/2017\/10\/pasion.jpg 480w, https:\/\/static-blogs.diariosur.es\/wp-content\/uploads\/sites\/19\/2017\/10\/pasion-212x300.jpg 212w\" sizes=\"(max-width: 480px) 100vw, 480px\" \/><\/a><\/p>\n","protected":false},"excerpt":{"rendered":"<p>La moda toma Rinc\u00f3n de la Victoria. La localidad celebra su primera Semana de la Moda, que se desarrollar\u00e1 en la plaza de la Constituci\u00f3n desde este mi\u00e9rcoles 4, hasta el pr\u00f3ximo domingo 8. La cita coincidir\u00e1 con la segunda edici\u00f3n de la feria de oportunidades \u2018Outlet Pasi\u00f3n\u2019, que ser\u00e1 del jueves al s\u00e1bado y [&hellip;]<\/p>\n","protected":false},"author":24,"featured_media":0,"comment_status":"open","ping_status":"open","sticky":false,"template":"","format":"standard","meta":[],"categories":[3,7],"tags":[2782,3244,4083,3703],"_links":{"self":[{"href":"https:\/\/blogs.diariosur.es\/-que-le-compro-\/wp-json\/wp\/v2\/posts\/4361"}],"collection":[{"href":"https:\/\/blogs.diariosur.es\/-que-le-compro-\/wp-json\/wp\/v2\/posts"}],"about":[{"href":"https:\/\/blogs.diariosur.es\/-que-le-compro-\/wp-json\/wp\/v2\/types\/post"}],"author":[{"embeddable":true,"href":"https:\/\/blogs.diariosur.es\/-que-le-compro-\/wp-json\/wp\/v2\/users\/24"}],"replies":[{"embeddable":true,"href":"https:\/\/blogs.diariosur.es\/-que-le-compro-\/wp-json\/wp\/v2\/comments?post=4361"}],"version-history":[{"count":3,"href":"https:\/\/blogs.diariosur.es\/-que-le-compro-\/wp-json\/wp\/v2\/posts\/4361\/revisions"}],"predecessor-version":[{"id":4365,"href":"https:\/\/blogs.diariosur.es\/-que-le-compro-\/wp-json\/wp\/v2\/posts\/4361\/revisions\/4365"}],"wp:attachment":[{"href":"https:\/\/blogs.diariosur.es\/-que-le-compro-\/wp-json\/wp\/v2\/media?parent=4361"}],"wp:term":[{"taxonomy":"category","embeddable":true,"href":"https:\/\/blogs.diariosur.es\/-que-le-compro-\/wp-json\/wp\/v2\/categories?post=4361"},{"taxonomy":"post_tag","embeddable":true,"href":"https:\/\/blogs.diariosur.es\/-que-le-compro-\/wp-json\/wp\/v2\/tags?post=4361"}],"curies":[{"name":"wp","href":"https:\/\/api.w.org\/{rel}","templated":true}]}}