{"id":4366,"date":"2017-10-04T13:23:50","date_gmt":"2017-10-04T11:23:50","guid":{"rendered":"http:\/\/blogs.diariosur.es\/-que-le-compro-\/?p=4366"},"modified":"2017-10-08T22:13:09","modified_gmt":"2017-10-08T20:13:09","slug":"outlet-rincon-mercadillos-malaga","status":"publish","type":"post","link":"https:\/\/blogs.diariosur.es\/-que-le-compro-\/2017\/10\/04\/outlet-rincon-mercadillos-malaga\/","title":{"rendered":"Mercado Jacobeo en Antequera y otros mercadillos"},"content":{"rendered":"<p>\u00bfBuscando planes para el fin de semana? Pues como siempre intentad haced hueco para las citas con la artesan\u00eda y la moda &#8216;made in M\u00e1laga&#8217;, que este fin de semana hay varias interesantes popuestas para elegir.<\/p>\n<p>La agenda la arranca en esta ocasi\u00f3n Rinc\u00f3n de la Victoria, que desde este mi\u00e9rcoles y hasta el domingo celebrar\u00e1 su primera Semana de la Moda. Esta iniciativa coincidir\u00e1 con la segunda edici\u00f3n de la feria de oportunidades <strong>\u2018Outlet Pasi\u00f3n\u2019<\/strong>, que ser\u00e1 del jueves al s\u00e1bado y en la que participar\u00e1n una decena de expositores de tiendas del municipio. Durante la Semana de la Moda se celebrar\u00e1n diferentes desfiles, como la Pasarela Biznaga, con trajes tradicionales malague\u00f1os, y el desfile de alta costura de los dise\u00f1adores de la Escuela de modelos de Manuel Beltr\u00e1n, o la Pasarela Rinc\u00f3n Moda, con complementos y joyas de las tiendas de Rinc\u00f3n de la Victoria. <a href=\"https:\/\/blogs.diariosur.es\/-que-le-compro-\/2017\/10\/03\/outlet-rincon-victoria-moda\/\">Si quer\u00e9is leer m\u00e1s detalles, s\u00f3lo hay que pinchar aqu\u00ed<\/a><\/p>\n<p>Esta semana adem\u00e1s hay otra novedad, tambi\u00e9n en la provincia: el <strong>Mercado Jacobeo de Antequera<\/strong> y reunir\u00e1 a 40 expositores, de los que siete son locales. Adem\u00e1s, habr\u00e1 programado numerosas actividades y talleres para todos los p\u00fablicos ambientados en el\u00a0Camino de Santiago.<\/p>\n<p>El viernes, como suele ser habitual, habr\u00e1 <strong>pop up en La Temporal<\/strong> de 12 a 21 horas. Ya sab\u00e9is que este espacio se encuentra en pleno Centro de M\u00e1laga, concretamente en la calle Bolsa 3, 1\u00ba2.<\/p>\n<p>Adem\u00e1s, el s\u00e1bado toca una nueva edici\u00f3n de\u00a0<strong>Made in Soho M\u00e1laga<\/strong>, que de 11 a 19 horas tomar\u00e1 como cada primer s\u00e1bado del mes la c\u00e9ntrica calle Tom\u00e1s Heredia con sus expositores con accesorios, decoraci\u00f3n, alimentaci\u00f3n, moda\u2026<\/p>\n<p><a href=\"https:\/\/static-blogs.diariosur.es\/wp-content\/uploads\/sites\/19\/2017\/10\/agenda-invisible.jpg\"><img loading=\"lazy\" class=\"alignnone size-full wp-image-4367\" src=\"https:\/\/static-blogs.diariosur.es\/wp-content\/uploads\/sites\/19\/2017\/10\/agenda-invisible.jpg\" alt=\"agenda-invisible\" width=\"960\" height=\"960\" srcset=\"https:\/\/static-blogs.diariosur.es\/wp-content\/uploads\/sites\/19\/2017\/10\/agenda-invisible.jpg 960w, https:\/\/static-blogs.diariosur.es\/wp-content\/uploads\/sites\/19\/2017\/10\/agenda-invisible-150x150.jpg 150w, https:\/\/static-blogs.diariosur.es\/wp-content\/uploads\/sites\/19\/2017\/10\/agenda-invisible-300x300.jpg 300w, https:\/\/static-blogs.diariosur.es\/wp-content\/uploads\/sites\/19\/2017\/10\/agenda-invisible-768x768.jpg 768w\" sizes=\"(max-width: 960px) 100vw, 960px\" \/><\/a><\/p>\n<p>Tambi\u00e9n habr\u00e1 muestra artesanal en\u00a0<strong>La Casa Invisible<\/strong>, de 17 a 21 horas. Ya sab\u00e9is que se entra gratis por la calle Andr\u00e9s P\u00e9rez 8 para ver las interesantes creaciones en complementos, moda, accesorios&#8230;<\/p>\n<p>Y tanto el s\u00e1bado como el domingo <strong>C\u00fatar<\/strong> celebra una nueva edici\u00f3n de su Fiesta del Monf\u00ed, en la que da un salto al pasado. Entre las actividades previstas se incluye, c\u00f3mo no, un gran zoco.<\/p>\n<p>E igualmente el s\u00e1bado de 12 a 21 horas vuelve Playmarkt, el <strong>mercadillo de Playmobil<\/strong> a la planta baja del edificio de Ocio del Parque Comercial M\u00e1laga Nostrum con dioramas y distintos stands en los que comprar figuras de los entra\u00f1ables &#8216;clics&#8217; as\u00ed como algunos de sus numerosos accesorios.<\/p>\n<p><a href=\"https:\/\/static-blogs.diariosur.es\/wp-content\/uploads\/sites\/19\/2017\/10\/playmobil.jpg\"><img loading=\"lazy\" class=\"alignnone size-full wp-image-4369\" src=\"https:\/\/static-blogs.diariosur.es\/wp-content\/uploads\/sites\/19\/2017\/10\/playmobil.jpg\" alt=\"playmobil\" width=\"960\" height=\"496\" srcset=\"https:\/\/static-blogs.diariosur.es\/wp-content\/uploads\/sites\/19\/2017\/10\/playmobil.jpg 960w, https:\/\/static-blogs.diariosur.es\/wp-content\/uploads\/sites\/19\/2017\/10\/playmobil-300x155.jpg 300w, https:\/\/static-blogs.diariosur.es\/wp-content\/uploads\/sites\/19\/2017\/10\/playmobil-768x397.jpg 768w\" sizes=\"(max-width: 960px) 100vw, 960px\" \/><\/a><\/p>\n<p>Para completar, este domingo la Sociedad <strong>Protectora de Animales y Plantas<\/strong> de M\u00e1laga celebra una jornada de puertas abiertas en su sede y entre las actividades previstas figura un mercadillo para recaudar fondos para esta entidad, que podr\u00e1 ser visitada por todo aquel que lo desee durante todo el d\u00eda.<\/p>\n<p>\u00a1Buen fin de semana!<\/p>\n","protected":false},"excerpt":{"rendered":"<p>\u00bfBuscando planes para el fin de semana? Pues como siempre intentad haced hueco para las citas con la artesan\u00eda y la moda &#8216;made in M\u00e1laga&#8217;, que este fin de semana hay varias interesantes popuestas para elegir. La agenda la arranca en esta ocasi\u00f3n Rinc\u00f3n de la Victoria, que desde este mi\u00e9rcoles y hasta el domingo [&hellip;]<\/p>\n","protected":false},"author":24,"featured_media":0,"comment_status":"open","ping_status":"open","sticky":false,"template":"","format":"standard","meta":[],"categories":[3,4],"tags":[1417,1765,4029,4085,2563,2782,2825,3999,4084],"_links":{"self":[{"href":"https:\/\/blogs.diariosur.es\/-que-le-compro-\/wp-json\/wp\/v2\/posts\/4366"}],"collection":[{"href":"https:\/\/blogs.diariosur.es\/-que-le-compro-\/wp-json\/wp\/v2\/posts"}],"about":[{"href":"https:\/\/blogs.diariosur.es\/-que-le-compro-\/wp-json\/wp\/v2\/types\/post"}],"author":[{"embeddable":true,"href":"https:\/\/blogs.diariosur.es\/-que-le-compro-\/wp-json\/wp\/v2\/users\/24"}],"replies":[{"embeddable":true,"href":"https:\/\/blogs.diariosur.es\/-que-le-compro-\/wp-json\/wp\/v2\/comments?post=4366"}],"version-history":[{"count":5,"href":"https:\/\/blogs.diariosur.es\/-que-le-compro-\/wp-json\/wp\/v2\/posts\/4366\/revisions"}],"predecessor-version":[{"id":4373,"href":"https:\/\/blogs.diariosur.es\/-que-le-compro-\/wp-json\/wp\/v2\/posts\/4366\/revisions\/4373"}],"wp:attachment":[{"href":"https:\/\/blogs.diariosur.es\/-que-le-compro-\/wp-json\/wp\/v2\/media?parent=4366"}],"wp:term":[{"taxonomy":"category","embeddable":true,"href":"https:\/\/blogs.diariosur.es\/-que-le-compro-\/wp-json\/wp\/v2\/categories?post=4366"},{"taxonomy":"post_tag","embeddable":true,"href":"https:\/\/blogs.diariosur.es\/-que-le-compro-\/wp-json\/wp\/v2\/tags?post=4366"}],"curies":[{"name":"wp","href":"https:\/\/api.w.org\/{rel}","templated":true}]}}