{"id":4374,"date":"2017-10-11T22:35:26","date_gmt":"2017-10-11T20:35:26","guid":{"rendered":"http:\/\/blogs.diariosur.es\/-que-le-compro-\/?p=4374"},"modified":"2017-10-11T22:35:26","modified_gmt":"2017-10-11T20:35:26","slug":"mercadillos-puente-malaga","status":"publish","type":"post","link":"https:\/\/blogs.diariosur.es\/-que-le-compro-\/2017\/10\/11\/mercadillos-puente-malaga\/","title":{"rendered":"Mercadillos en el puente del Pilar en M\u00e1laga"},"content":{"rendered":"<p>Se acerca el fin de semana, que para algunos ser\u00e1 un poco m\u00e1s largo porque puedan hacer puente. Aunque este <a href=\"http:\/\/www.diariosur.es\/malaga\/tiendas-abren-festivo-20171010204724-nt.html\" rel=\"external nofollow\">jueves es fiesta, en M\u00e1laga las tiendas abren<\/a> por ser una de esas fechas especiales autorizadas.<\/p>\n<p>Y si est\u00e1is pensando en ir de mercadillos, la agenda arranca ya este jueves porque en el el hotel Molina Lario (en la c\u00e9ntrica calle del mismo nombre, en M\u00e1laga capital) se podr\u00e1 disfrutar de una nueva edici\u00f3n de su\u00a0<strong>Trendy Market<\/strong>, con moda y complementos y m\u00fasica en directo desde las siete de la tarde.<\/p>\n<p>El viernes vuelve\u00a0<strong>La Temporal<\/strong> con su pop-up habitual de 12 a 21 horas en la Calle Bolsa 3, 1\u00baC, tambi\u00e9n en el Centro de M\u00e1laga.<\/p>\n<p>En la provincia, el s\u00e1bado se instalar\u00e1 un mercadillo de artesan\u00eda en la plaza de la Cultura de <strong>Pizarra<\/strong>, que durante este fin de semana celebra su Ruta de la Tapa<\/p>\n<p>Y el domingo tambi\u00e9n habr\u00e1 para elegir. Por un lado, estar\u00e1 disponible el\u00a0<strong>Zoco de Muelle Uno<\/strong>, que de 11 a 18 horas reunir\u00e1 una vez m\u00e1s interesantes expositores con moda, complementos de todo tipo, decoraci\u00f3n, alimentaci\u00f3n\u2026 Adem\u00e1s, en el paseo mar\u00edtimo de Huelin se instalar\u00e1n los credores reunidos por M\u00e1laga es arte en su mercadillo de 11 a 19 horas con stands con regalos originales, moda, distintos accesorios.<\/p>\n<p><a href=\"https:\/\/static-blogs.diariosur.es\/wp-content\/uploads\/sites\/19\/2017\/10\/puerto.jpg\"><img loading=\"lazy\" class=\"alignnone size-full wp-image-4375\" src=\"https:\/\/static-blogs.diariosur.es\/wp-content\/uploads\/sites\/19\/2017\/10\/puerto.jpg\" alt=\"puerto\" width=\"624\" height=\"385\" srcset=\"https:\/\/static-blogs.diariosur.es\/wp-content\/uploads\/sites\/19\/2017\/10\/puerto.jpg 624w, https:\/\/static-blogs.diariosur.es\/wp-content\/uploads\/sites\/19\/2017\/10\/puerto-300x185.jpg 300w\" sizes=\"(max-width: 624px) 100vw, 624px\" \/><\/a><\/p>\n<p>Adem\u00e1s, os recuerdo que cada d\u00eda hasta el pr\u00f3ximo 29 de octubre se puede visitar la pop up instalada en el Muelle dos del Puerto de M\u00e1laga con interesantes stands en los que curiosear.<\/p>\n<p>\u00a1Buen fin de semana!<\/p>\n","protected":false},"excerpt":{"rendered":"<p>Se acerca el fin de semana, que para algunos ser\u00e1 un poco m\u00e1s largo porque puedan hacer puente. Aunque este jueves es fiesta, en M\u00e1laga las tiendas abren por ser una de esas fechas especiales autorizadas. Y si est\u00e1is pensando en ir de mercadillos, la agenda arranca ya este jueves porque en el el hotel [&hellip;]<\/p>\n","protected":false},"author":24,"featured_media":0,"comment_status":"open","ping_status":"open","sticky":false,"template":"","format":"standard","meta":[],"categories":[2,4,7],"tags":[1915,2265,2270,4004,3968],"_links":{"self":[{"href":"https:\/\/blogs.diariosur.es\/-que-le-compro-\/wp-json\/wp\/v2\/posts\/4374"}],"collection":[{"href":"https:\/\/blogs.diariosur.es\/-que-le-compro-\/wp-json\/wp\/v2\/posts"}],"about":[{"href":"https:\/\/blogs.diariosur.es\/-que-le-compro-\/wp-json\/wp\/v2\/types\/post"}],"author":[{"embeddable":true,"href":"https:\/\/blogs.diariosur.es\/-que-le-compro-\/wp-json\/wp\/v2\/users\/24"}],"replies":[{"embeddable":true,"href":"https:\/\/blogs.diariosur.es\/-que-le-compro-\/wp-json\/wp\/v2\/comments?post=4374"}],"version-history":[{"count":1,"href":"https:\/\/blogs.diariosur.es\/-que-le-compro-\/wp-json\/wp\/v2\/posts\/4374\/revisions"}],"predecessor-version":[{"id":4376,"href":"https:\/\/blogs.diariosur.es\/-que-le-compro-\/wp-json\/wp\/v2\/posts\/4374\/revisions\/4376"}],"wp:attachment":[{"href":"https:\/\/blogs.diariosur.es\/-que-le-compro-\/wp-json\/wp\/v2\/media?parent=4374"}],"wp:term":[{"taxonomy":"category","embeddable":true,"href":"https:\/\/blogs.diariosur.es\/-que-le-compro-\/wp-json\/wp\/v2\/categories?post=4374"},{"taxonomy":"post_tag","embeddable":true,"href":"https:\/\/blogs.diariosur.es\/-que-le-compro-\/wp-json\/wp\/v2\/tags?post=4374"}],"curies":[{"name":"wp","href":"https:\/\/api.w.org\/{rel}","templated":true}]}}