{"id":4380,"date":"2017-10-19T16:10:10","date_gmt":"2017-10-19T14:10:10","guid":{"rendered":"http:\/\/blogs.diariosur.es\/-que-le-compro-\/?p=4380"},"modified":"2017-10-19T16:10:10","modified_gmt":"2017-10-19T14:10:10","slug":"mercadillos-malaga-octubre","status":"publish","type":"post","link":"https:\/\/blogs.diariosur.es\/-que-le-compro-\/2017\/10\/19\/mercadillos-malaga-octubre\/","title":{"rendered":"Agenda de mercadillos de este fin de semana"},"content":{"rendered":"<p>\u00bfPensando en qu\u00e9 hacer este fin de semana? Pues toma nota que la agenda de mercadillos viene muy variada, para que haya donde elegir.<\/p>\n<p>Para empezar, este jueves vuelve el mercadillo de la asociaci\u00f3n\u00a0<strong>Guadalhorce Ecol\u00f3gico al PTA<\/strong>. Ser\u00e1 de\u00a0 10 a 15 horas en la plaza del edificio Oracle, y se celebra cada quince d\u00edas, para tratar de acercar los productos del Guadalhorce a los vecinos de la zona y especialmente a los trabajadores de la tecn\u00f3polis.<\/p>\n<p>Para el viernes, habr\u00e1 una nueva pop up en\u00a0<strong>La Temporal,<\/strong>\u00a0que se celebra como suele ser habitual de 12 a 21 horas en la calle Bolsa 3, 1\u00ba2 y que esta semana exhibir\u00e1 los dise\u00f1os de Eme Ele, torbellino de lunares, El mundo de Birichinata, Prenda y Candela Blake.<\/p>\n<p><a href=\"https:\/\/static-blogs.diariosur.es\/wp-content\/uploads\/sites\/19\/2017\/10\/carteles.jpg\"><img loading=\"lazy\" class=\"alignnone size-full wp-image-4382\" src=\"https:\/\/static-blogs.diariosur.es\/wp-content\/uploads\/sites\/19\/2017\/10\/carteles.jpg\" alt=\"carteles\" width=\"720\" height=\"960\" srcset=\"https:\/\/static-blogs.diariosur.es\/wp-content\/uploads\/sites\/19\/2017\/10\/carteles.jpg 720w, https:\/\/static-blogs.diariosur.es\/wp-content\/uploads\/sites\/19\/2017\/10\/carteles-225x300.jpg 225w\" sizes=\"(max-width: 720px) 100vw, 720px\" \/><\/a><\/p>\n<p>Y el d\u00eda 22 al ser el \u00faltimo domingo del mes ya sab\u00e9is que coinciden dos citas, que son ya de las m\u00e1s veteranas del calendario de mercadillos \u2018made in M\u00e1laga\u2019. Una es La\u00a0<strong>Malagueta 4 Market<\/strong>, que tomar\u00e1 como siempre el Paseo Mar\u00edtimo Ciudad de Melilla (La Malagueta) de 10 a 19 horas con mucha moda, artesan\u00eda, complementos, decoraci\u00f3n\u2026 Por su parte<strong>, La Plaza Merced Market<\/strong>\u00a0har\u00e1 lo propio en la c\u00e9ntrica palza de la Merced de 11 a 19 horas tambi\u00e9n con moda para toda la familia, accesorios de distinto tipo, alimentaci\u00f3n y mucho m\u00e1s.<\/p>\n<p>Adem\u00e1s, ya sab\u00e9is que diariamente hasta el pr\u00f3ximo d\u00eda 29 se puede visitar una pop up con diversos stands con moda, complementos y m\u00e1s en el\u00a0<strong>Palmeral de las Sorpresas<\/strong> .<\/p>\n<p>\u00a1Buen fin de semana!<\/p>\n","protected":false},"excerpt":{"rendered":"<p>\u00bfPensando en qu\u00e9 hacer este fin de semana? Pues toma nota que la agenda de mercadillos viene muy variada, para que haya donde elegir. Para empezar, este jueves vuelve el mercadillo de la asociaci\u00f3n\u00a0Guadalhorce Ecol\u00f3gico al PTA. Ser\u00e1 de\u00a0 10 a 15 horas en la plaza del edificio Oracle, y se celebra cada quince d\u00edas, [&hellip;]<\/p>\n","protected":false},"author":24,"featured_media":0,"comment_status":"open","ping_status":"open","sticky":false,"template":"","format":"standard","meta":[],"categories":[4,6],"tags":[311,1902,2064,4087,4072,4088,4086],"_links":{"self":[{"href":"https:\/\/blogs.diariosur.es\/-que-le-compro-\/wp-json\/wp\/v2\/posts\/4380"}],"collection":[{"href":"https:\/\/blogs.diariosur.es\/-que-le-compro-\/wp-json\/wp\/v2\/posts"}],"about":[{"href":"https:\/\/blogs.diariosur.es\/-que-le-compro-\/wp-json\/wp\/v2\/types\/post"}],"author":[{"embeddable":true,"href":"https:\/\/blogs.diariosur.es\/-que-le-compro-\/wp-json\/wp\/v2\/users\/24"}],"replies":[{"embeddable":true,"href":"https:\/\/blogs.diariosur.es\/-que-le-compro-\/wp-json\/wp\/v2\/comments?post=4380"}],"version-history":[{"count":1,"href":"https:\/\/blogs.diariosur.es\/-que-le-compro-\/wp-json\/wp\/v2\/posts\/4380\/revisions"}],"predecessor-version":[{"id":4383,"href":"https:\/\/blogs.diariosur.es\/-que-le-compro-\/wp-json\/wp\/v2\/posts\/4380\/revisions\/4383"}],"wp:attachment":[{"href":"https:\/\/blogs.diariosur.es\/-que-le-compro-\/wp-json\/wp\/v2\/media?parent=4380"}],"wp:term":[{"taxonomy":"category","embeddable":true,"href":"https:\/\/blogs.diariosur.es\/-que-le-compro-\/wp-json\/wp\/v2\/categories?post=4380"},{"taxonomy":"post_tag","embeddable":true,"href":"https:\/\/blogs.diariosur.es\/-que-le-compro-\/wp-json\/wp\/v2\/tags?post=4380"}],"curies":[{"name":"wp","href":"https:\/\/api.w.org\/{rel}","templated":true}]}}