{"id":4392,"date":"2017-10-27T12:47:43","date_gmt":"2017-10-27T10:47:43","guid":{"rendered":"http:\/\/blogs.diariosur.es\/-que-le-compro-\/?p=4392"},"modified":"2017-10-27T17:06:50","modified_gmt":"2017-10-27T15:06:50","slug":"mercadillos-halloween-malaga","status":"publish","type":"post","link":"https:\/\/blogs.diariosur.es\/-que-le-compro-\/2017\/10\/27\/mercadillos-halloween-malaga\/","title":{"rendered":"#S\u00faperJueves y otros mercadillos del finde"},"content":{"rendered":"<p>\u00a1Bienvenido, fin de semana! Octubre se despide de M\u00e1laga con una reducida pero interesante agenda, que ya arranca este jueves con la celebraci\u00f3n del <strong>S\u00faper Jueves<\/strong> en el Factory Outlet M\u00e1laga. En esta ocasi\u00f3n se podr\u00e1n disfrutar de las siguientes promociones en sus tiendas:<\/p>\n<p>&#8211; Parfois: Lleva 3 art\u00edculos y paga 2.<br \/>\n&#8211; Perfumer\u00edas If: Set cocina f\u00fatbol de regalo. *Por compras superiores a 40 \u20ac.<br \/>\n&#8211; Desigual: 20% Dto. adicional en Tricot de WOMAN y MAN.<br \/>\n&#8211; Solera: 15% de descuento en todos los productos de la nueva temporada.<br \/>\n&#8211; Mango Outlet: 2\u00ba unidad al 50% en todos los jerseys\/c\u00e1rdigan de temporada oto\u00f1o-invierno.<br \/>\n&#8211; Spagnolo: Doble promoci\u00f3n. 50% de descuento sobre la segunda prenda, excepto complementos y<br \/>\namericanas. Y un 20% de descuento en americanas de CRO. y SRA.<br \/>\n&#8211; OhGar!: 15% Dto. en toda la tienda.<br \/>\n&#8211; Famaliving: 15% Dto. en la colecci\u00f3n Sof\u00e1s Famaliving.<br \/>\n&#8211; Stylo: 20% Dto. adicional en una selecci\u00f3n de art\u00edculos.<br \/>\n&#8211; Out Factory: 50% de descuento sobre la segunda prenda, excepto complementos y americanas.<br \/>\n&#8211; Soloptical: Regalo Gafa de sol por compra de gafa graduada con filtro luz azul y 20% de<br \/>\ndescuento en gafas de sol. (*)Consultar condiciones en tienda.<br \/>\n&#8211; Amichi: 10% Dto. adicional en toda la colecci\u00f3n.<br \/>\n&#8211; Levi\u00b4s: 3&#215;2 en todo los art\u00edculos de tienda. Eliges 3 productos y pagas s\u00f3lo los de mayor valor.<br \/>\nUn aviso: El mercado de la Asociaci\u00f3n Atenea de Artesanos y Artesanas de <strong>Torremolinos<\/strong> se traslada hasta el 29 de diciembre cada jueves de 10.00 a 16.00 horas aplaza de la Independencia. Adem\u00e1s esta quincena de puestos seguir\u00e1 ofreciendo a turistas y vecinos sus creaciones en distintas disciplinas todos los viernes de 10.00 a 16.00 horas en la plaza de Andaluc\u00eda.<br \/>\nEste mercado de artesan\u00eda cuenta con cerca de una veintena de productos trabajados en distintos materiales como lana, madera, cer\u00e1mica, forja, cuero, piedra o telas, entre otros. Algunos de los d\u00edas destinados a la venta las plazas albergar\u00e1n espect\u00e1culos en directo, teatros infantiles, talleres de globoflexia o payasos malabaristas.<\/p>\n<p>El s\u00e1bado, habr\u00e1 una <strong>verbena solidaria de Halloween<\/strong> en Carranque a beneficio de la Sociedad Protectora de Animales y Plantas en M\u00e1laga. Adem\u00e1s de photocall y un <em>desfile de la Legi\u00f3n 501<\/em>, entre otras actividades, habr\u00e1 un mercadillo solidario. La cita es de 12 a 21 horas en la calle Virgen de la Ermita 36.<\/p>\n<p>Adem\u00e1s, el domingo se despide la <strong>pop up en el Puerto<\/strong> que se est\u00e1 celebrando en el Muelle Dos con diversos stands con artesan\u00eda, moda, complementos&#8230; y el domingo 29 tambi\u00e9n se celebra una <strong>edici\u00f3n especial del Malagueta 4 Market<\/strong>, que tomar\u00e1 el paseo mar\u00edtimo Ciudad de Melilla con un horario diferente al habitual, de 10 a 18.30 horas.<\/p>\n<div id=\"attachment_4393\" style=\"width: 970px\" class=\"wp-caption alignnone\"><a href=\"https:\/\/static-blogs.diariosur.es\/wp-content\/uploads\/sites\/19\/2017\/10\/letras.jpg\"><img aria-describedby=\"caption-attachment-4393\" loading=\"lazy\" class=\"size-full wp-image-4393\" src=\"https:\/\/static-blogs.diariosur.es\/wp-content\/uploads\/sites\/19\/2017\/10\/letras.jpg\" alt=\"Artesan\u00eda en el Malagueta 4 Market\" width=\"960\" height=\"540\" srcset=\"https:\/\/static-blogs.diariosur.es\/wp-content\/uploads\/sites\/19\/2017\/10\/letras.jpg 960w, https:\/\/static-blogs.diariosur.es\/wp-content\/uploads\/sites\/19\/2017\/10\/letras-300x169.jpg 300w, https:\/\/static-blogs.diariosur.es\/wp-content\/uploads\/sites\/19\/2017\/10\/letras-768x432.jpg 768w\" sizes=\"(max-width: 960px) 100vw, 960px\" \/><\/a><p id=\"caption-attachment-4393\" class=\"wp-caption-text\">Artesan\u00eda en el Malagueta 4 Market<\/p><\/div>\n<p>Y algunas celebraciones de Halloween tambi\u00e9n incluyen mercadillos como por ejemplo Maroween. Si quer\u00e9is<a href=\"http:\/\/www.diariosur.es\/planes\/fiestas-halloween-malaga-20171026184120-nt.html\" rel=\"external nofollow\"> saber m\u00e1s, s\u00f3lo ten\u00e9is que pinchar aqu\u00ed.<\/a><\/p>\n<p>\u00a1Buen fin de semana!<\/p>\n<p>&nbsp;<\/p>\n<p>&nbsp;<\/p>\n","protected":false},"excerpt":{"rendered":"<p>\u00a1Bienvenido, fin de semana! Octubre se despide de M\u00e1laga con una reducida pero interesante agenda, que ya arranca este jueves con la celebraci\u00f3n del S\u00faper Jueves en el Factory Outlet M\u00e1laga. En esta ocasi\u00f3n se podr\u00e1n disfrutar de las siguientes promociones en sus tiendas: &#8211; Parfois: Lleva 3 art\u00edculos y paga 2. &#8211; Perfumer\u00edas If: [&hellip;]<\/p>\n","protected":false},"author":24,"featured_media":0,"comment_status":"open","ping_status":"open","sticky":false,"template":"","format":"standard","meta":[],"categories":[4,7],"tags":[24,1341,2064,2248,2825],"_links":{"self":[{"href":"https:\/\/blogs.diariosur.es\/-que-le-compro-\/wp-json\/wp\/v2\/posts\/4392"}],"collection":[{"href":"https:\/\/blogs.diariosur.es\/-que-le-compro-\/wp-json\/wp\/v2\/posts"}],"about":[{"href":"https:\/\/blogs.diariosur.es\/-que-le-compro-\/wp-json\/wp\/v2\/types\/post"}],"author":[{"embeddable":true,"href":"https:\/\/blogs.diariosur.es\/-que-le-compro-\/wp-json\/wp\/v2\/users\/24"}],"replies":[{"embeddable":true,"href":"https:\/\/blogs.diariosur.es\/-que-le-compro-\/wp-json\/wp\/v2\/comments?post=4392"}],"version-history":[{"count":3,"href":"https:\/\/blogs.diariosur.es\/-que-le-compro-\/wp-json\/wp\/v2\/posts\/4392\/revisions"}],"predecessor-version":[{"id":4397,"href":"https:\/\/blogs.diariosur.es\/-que-le-compro-\/wp-json\/wp\/v2\/posts\/4392\/revisions\/4397"}],"wp:attachment":[{"href":"https:\/\/blogs.diariosur.es\/-que-le-compro-\/wp-json\/wp\/v2\/media?parent=4392"}],"wp:term":[{"taxonomy":"category","embeddable":true,"href":"https:\/\/blogs.diariosur.es\/-que-le-compro-\/wp-json\/wp\/v2\/categories?post=4392"},{"taxonomy":"post_tag","embeddable":true,"href":"https:\/\/blogs.diariosur.es\/-que-le-compro-\/wp-json\/wp\/v2\/tags?post=4392"}],"curies":[{"name":"wp","href":"https:\/\/api.w.org\/{rel}","templated":true}]}}