{"id":4407,"date":"2017-11-08T20:55:58","date_gmt":"2017-11-08T19:55:58","guid":{"rendered":"http:\/\/blogs.diariosur.es\/-que-le-compro-\/?p=4407"},"modified":"2017-11-10T19:22:33","modified_gmt":"2017-11-10T18:22:33","slug":"outlet-malaga-mercadillos","status":"publish","type":"post","link":"https:\/\/blogs.diariosur.es\/-que-le-compro-\/2017\/11\/08\/outlet-malaga-mercadillos\/","title":{"rendered":"Outlet en el Palacio de Ferias y otras citas del finde"},"content":{"rendered":"<p>Vuelven los chollos a M\u00e1laga. El Palacio de Congresos de M\u00e1laga ser\u00e1 tomado este fin de semana por las ofertas, ya que llega la gran<strong> feria Stock! Outlet M\u00e1laga<\/strong>, que ofrece descuentos de hasta el 80% en miles de art\u00edculos de distintos sectores: moda, decoraci\u00f3n, deportes, inform\u00e1tica&#8230; La entrada cuesta 2 euros, aunque los menores de 12 a\u00f1os pueden entrar gratis. Las localidades se adquieren en taquilla y permiten participar en un sorteo. El horario del outlet es de 10 a 22 horas los tres d\u00edas de su celebraci\u00f3n, del viernes al domingo.<\/p>\n<p><a href=\"https:\/\/static-blogs.diariosur.es\/wp-content\/uploads\/sites\/19\/2017\/11\/outlet.jpg\"><img loading=\"lazy\" class=\"alignnone size-large wp-image-4408\" src=\"https:\/\/static-blogs.diariosur.es\/wp-content\/uploads\/sites\/19\/2017\/11\/outlet-1024x413.jpg\" alt=\"outlet\" width=\"1024\" height=\"413\" srcset=\"https:\/\/static-blogs.diariosur.es\/wp-content\/uploads\/sites\/19\/2017\/11\/outlet-1024x413.jpg 1024w, https:\/\/static-blogs.diariosur.es\/wp-content\/uploads\/sites\/19\/2017\/11\/outlet-300x121.jpg 300w, https:\/\/static-blogs.diariosur.es\/wp-content\/uploads\/sites\/19\/2017\/11\/outlet-768x309.jpg 768w, https:\/\/static-blogs.diariosur.es\/wp-content\/uploads\/sites\/19\/2017\/11\/outlet.jpg 1293w\" sizes=\"(max-width: 1024px) 100vw, 1024px\" \/><\/a><\/p>\n<p>Y el s\u00e1bado y el domingo podr\u00e1s asistir a un mercadillo &#8216;casero&#8217; de segunda mano que se montar\u00e1 en la zona de El Ejido (M\u00e1laga capital), concretamente en la calle San Mill\u00e1n 17-4B donde podr\u00e1s encontrar moda, complementos, bisuter\u00eda y art\u00edculos de decoraci\u00f3n usados y en buen estado. El s\u00e1bado estar\u00e1 abierto de 14 a 20 horas y el domingo de 15 a 20 horas.<\/p>\n<p>Desde este viernes y hsata el pr\u00f3ximo s\u00e1bado 18 la tienda de<strong> Mango en el Factory Outlet M\u00e1laga celebra su mercadillo<\/strong> de la temporada oto\u00f1o invierno con grandes descuentos en numerosos art\u00edculos, as\u00ed que podr\u00e1s encontrar todo tipo de prendas de moda y complementos desde un euro hasta 30. El horario es de 10 a 22 horas todos los d\u00edas salvo el domingo 12, cuando cierra el centro comercial. As\u00ed que si est\u00e1s pensando en renovar tu armario, \u00a1ya sabes d\u00f3nde tienes una cita ineludible!<\/p>\n<p>Tambi\u00e9n el d\u00eda 11, si est\u00e1s pensando en casarte o tienes un evento importante que organizar, te interesa el<strong> showroom que se organiza en la Hacienda San Antonio<\/strong>, en Rinc\u00f3n de la Victoria. Organizado junto a Luc\u00eda Catering a partir de las cinco de la tarde, la entrada es gratuita, aunque es necesario solicitar previamente las invitaciones, lo que se puede hacer a trav\u00e9 del tel\u00e9fono 952 204 700 o del correo electr\u00f3nico <a href=\"mailto:info@cateringlucia.es\">info@cateringlucia.es<\/a><\/p>\n<p><a href=\"https:\/\/static-blogs.diariosur.es\/wp-content\/uploads\/sites\/19\/2017\/11\/showroom.jpg\"><img loading=\"lazy\" class=\"alignnone size-full wp-image-4414\" src=\"https:\/\/static-blogs.diariosur.es\/wp-content\/uploads\/sites\/19\/2017\/11\/showroom.jpg\" alt=\"showroom\" width=\"800\" height=\"650\" srcset=\"https:\/\/static-blogs.diariosur.es\/wp-content\/uploads\/sites\/19\/2017\/11\/showroom.jpg 800w, https:\/\/static-blogs.diariosur.es\/wp-content\/uploads\/sites\/19\/2017\/11\/showroom-300x244.jpg 300w, https:\/\/static-blogs.diariosur.es\/wp-content\/uploads\/sites\/19\/2017\/11\/showroom-768x624.jpg 768w\" sizes=\"(max-width: 800px) 100vw, 800px\" \/><\/a><\/p>\n<p>El domingo habr\u00e1 una nueva edici\u00f3n del <strong>Zoco en Muelle Uno<\/strong> de 11 a 18 horas, y en Alm\u00e1char se podr\u00e1 disfrutar del <strong>II Mercado Moscatel<\/strong>, as\u00ed que los amantes de esta uva y sus derivados tienen una cita imprescindible en esta localidad de la Axarqu\u00eda.<\/p>\n<p>Y un apunte para la agenda, ya que en este blog tambi\u00e9n nos hacemos eco de las actividades de los centros comerciales:<strong> La Navidad llega este viernes al Miramar<\/strong>. A partir de las siete de la tarde se podr\u00e1 disfrutar del estreno del Poblado Navide\u00f1o, el encendido especial y la visita de Pap\u00e1 Noel y sus elfos, junto al tradicional desfile navide\u00f1o. El Poblado Navide\u00f1o se podr\u00e1 visitar hasta el pr\u00f3ximo 5 de enero en este centro comercial de Fuengirola.<\/p>\n","protected":false},"excerpt":{"rendered":"<p>Vuelven los chollos a M\u00e1laga. El Palacio de Congresos de M\u00e1laga ser\u00e1 tomado este fin de semana por las ofertas, ya que llega la gran feria Stock! Outlet M\u00e1laga, que ofrece descuentos de hasta el 80% en miles de art\u00edculos de distintos sectores: moda, decoraci\u00f3n, deportes, inform\u00e1tica&#8230; La entrada cuesta 2 euros, aunque los menores [&hellip;]<\/p>\n","protected":false},"author":24,"featured_media":0,"comment_status":"open","ping_status":"open","sticky":false,"template":"","format":"standard","meta":[],"categories":[2,3,4],"tags":[4098,1341,4100,4102,2216,4096,4097,4101,4099,2781,3972],"_links":{"self":[{"href":"https:\/\/blogs.diariosur.es\/-que-le-compro-\/wp-json\/wp\/v2\/posts\/4407"}],"collection":[{"href":"https:\/\/blogs.diariosur.es\/-que-le-compro-\/wp-json\/wp\/v2\/posts"}],"about":[{"href":"https:\/\/blogs.diariosur.es\/-que-le-compro-\/wp-json\/wp\/v2\/types\/post"}],"author":[{"embeddable":true,"href":"https:\/\/blogs.diariosur.es\/-que-le-compro-\/wp-json\/wp\/v2\/users\/24"}],"replies":[{"embeddable":true,"href":"https:\/\/blogs.diariosur.es\/-que-le-compro-\/wp-json\/wp\/v2\/comments?post=4407"}],"version-history":[{"count":6,"href":"https:\/\/blogs.diariosur.es\/-que-le-compro-\/wp-json\/wp\/v2\/posts\/4407\/revisions"}],"predecessor-version":[{"id":4419,"href":"https:\/\/blogs.diariosur.es\/-que-le-compro-\/wp-json\/wp\/v2\/posts\/4407\/revisions\/4419"}],"wp:attachment":[{"href":"https:\/\/blogs.diariosur.es\/-que-le-compro-\/wp-json\/wp\/v2\/media?parent=4407"}],"wp:term":[{"taxonomy":"category","embeddable":true,"href":"https:\/\/blogs.diariosur.es\/-que-le-compro-\/wp-json\/wp\/v2\/categories?post=4407"},{"taxonomy":"post_tag","embeddable":true,"href":"https:\/\/blogs.diariosur.es\/-que-le-compro-\/wp-json\/wp\/v2\/tags?post=4407"}],"curies":[{"name":"wp","href":"https:\/\/api.w.org\/{rel}","templated":true}]}}