{"id":4420,"date":"2017-11-13T16:44:35","date_gmt":"2017-11-13T15:44:35","guid":{"rendered":"http:\/\/blogs.diariosur.es\/-que-le-compro-\/?p=4420"},"modified":"2017-11-13T16:49:26","modified_gmt":"2017-11-13T15:49:26","slug":"black-friday-amazon-rebajas","status":"publish","type":"post","link":"https:\/\/blogs.diariosur.es\/-que-le-compro-\/2017\/11\/13\/black-friday-amazon-rebajas\/","title":{"rendered":"Empieza el Black Friday de Amazon, con rebajas en 15.000 art\u00edculos"},"content":{"rendered":"<p>El Black Friday 2017 se acerca. Este a\u00f1o se celebra el pr\u00f3ximo viernes 24 de noviembre, pero en algunos casos las ofertas no se limitar\u00e1n s\u00f3lo a un d\u00eda. Entre ellos destaca Amazon, que atenci\u00f3n, ha anunciado que los <strong>descuentos durar\u00e1n dos semanas<\/strong>. Adem\u00e1s, ampl\u00eda un 50% los <strong>art\u00edculos con rebajas as\u00ed que ser\u00e1n 15.000<\/strong>, seg\u00fan la agencia Efe, de los que el 70 % corresponden a terceras empresas, en su mayor\u00eda pymes.<\/p>\n<p>As\u00ed, que desde este lunes, 13 de noviembre, ya es posible encontrar en Amazon descuentos de entre el 20 y el 40 % que se prolongar\u00e1n hasta el pr\u00f3ximo 27 de noviembre, cuando se celebrar\u00e1 al Ciberlunes o Cyber Monday.<\/p>\n<div id=\"attachment_4421\" style=\"width: 1034px\" class=\"wp-caption alignnone\"><a href=\"https:\/\/static-blogs.diariosur.es\/wp-content\/uploads\/sites\/19\/2017\/11\/centro-amazon.jpg\"><img aria-describedby=\"caption-attachment-4421\" loading=\"lazy\" class=\"wp-image-4421 size-large\" src=\"https:\/\/static-blogs.diariosur.es\/wp-content\/uploads\/sites\/19\/2017\/11\/centro-amazon-1024x681.jpg\" alt=\"Centro log\u00edstico de Amazon en Polonia :: Efe\" width=\"1024\" height=\"681\" srcset=\"https:\/\/static-blogs.diariosur.es\/wp-content\/uploads\/sites\/19\/2017\/11\/centro-amazon-1024x681.jpg 1024w, https:\/\/static-blogs.diariosur.es\/wp-content\/uploads\/sites\/19\/2017\/11\/centro-amazon-300x200.jpg 300w, https:\/\/static-blogs.diariosur.es\/wp-content\/uploads\/sites\/19\/2017\/11\/centro-amazon-768x511.jpg 768w\" sizes=\"(max-width: 1024px) 100vw, 1024px\" \/><\/a><p id=\"caption-attachment-4421\" class=\"wp-caption-text\">Centro log\u00edstico de Amazon en Polonia :: Efe<\/p><\/div>\n<p>El a\u00f1o pasado, Amazon.es vendi\u00f3 940.000 unidades durante el Black Friday, una iniciativa originaria de Estados Unidos que cada a\u00f1o va a m\u00e1s. Si quieres <a href=\"http:\/\/www.diariosur.es\/sociedad\/black-friday-fecha-2017-20171021093351-nt.html\" rel=\"external nofollow\">conocer m\u00e1s sobre su origen y promociones, haz click aqu\u00ed.<\/a><\/p>\n","protected":false},"excerpt":{"rendered":"<p>El Black Friday 2017 se acerca. Este a\u00f1o se celebra el pr\u00f3ximo viernes 24 de noviembre, pero en algunos casos las ofertas no se limitar\u00e1n s\u00f3lo a un d\u00eda. Entre ellos destaca Amazon, que atenci\u00f3n, ha anunciado que los descuentos durar\u00e1n dos semanas. Adem\u00e1s, ampl\u00eda un 50% los art\u00edculos con rebajas as\u00ed que ser\u00e1n 15.000, [&hellip;]<\/p>\n","protected":false},"author":24,"featured_media":0,"comment_status":"open","ping_status":"open","sticky":false,"template":"","format":"standard","meta":[],"categories":[8],"tags":[169,439,4104,4103],"_links":{"self":[{"href":"https:\/\/blogs.diariosur.es\/-que-le-compro-\/wp-json\/wp\/v2\/posts\/4420"}],"collection":[{"href":"https:\/\/blogs.diariosur.es\/-que-le-compro-\/wp-json\/wp\/v2\/posts"}],"about":[{"href":"https:\/\/blogs.diariosur.es\/-que-le-compro-\/wp-json\/wp\/v2\/types\/post"}],"author":[{"embeddable":true,"href":"https:\/\/blogs.diariosur.es\/-que-le-compro-\/wp-json\/wp\/v2\/users\/24"}],"replies":[{"embeddable":true,"href":"https:\/\/blogs.diariosur.es\/-que-le-compro-\/wp-json\/wp\/v2\/comments?post=4420"}],"version-history":[{"count":3,"href":"https:\/\/blogs.diariosur.es\/-que-le-compro-\/wp-json\/wp\/v2\/posts\/4420\/revisions"}],"predecessor-version":[{"id":4424,"href":"https:\/\/blogs.diariosur.es\/-que-le-compro-\/wp-json\/wp\/v2\/posts\/4420\/revisions\/4424"}],"wp:attachment":[{"href":"https:\/\/blogs.diariosur.es\/-que-le-compro-\/wp-json\/wp\/v2\/media?parent=4420"}],"wp:term":[{"taxonomy":"category","embeddable":true,"href":"https:\/\/blogs.diariosur.es\/-que-le-compro-\/wp-json\/wp\/v2\/categories?post=4420"},{"taxonomy":"post_tag","embeddable":true,"href":"https:\/\/blogs.diariosur.es\/-que-le-compro-\/wp-json\/wp\/v2\/tags?post=4420"}],"curies":[{"name":"wp","href":"https:\/\/api.w.org\/{rel}","templated":true}]}}