{"id":4426,"date":"2017-11-16T16:15:06","date_gmt":"2017-11-16T15:15:06","guid":{"rendered":"http:\/\/blogs.diariosur.es\/-que-le-compro-\/?p=4426"},"modified":"2017-11-16T16:15:06","modified_gmt":"2017-11-16T15:15:06","slug":"mercadillo-protectora-animales-malaga-2","status":"publish","type":"post","link":"https:\/\/blogs.diariosur.es\/-que-le-compro-\/2017\/11\/16\/mercadillo-protectora-animales-malaga-2\/","title":{"rendered":"Mercadillo solidario en la Protectora y otras citas"},"content":{"rendered":"<p>Muy variada es la agenda de mercadillos de este fin de semana en M\u00e1laga. La lista de propuestas arranca este jueves de la mano de la asociaci\u00f3n <strong>Guadalhorce Ecol\u00f3gico, que llevar\u00e1 sus productos saludables al PTA.<\/strong> As\u00ed, estar\u00e1n de 11 a 15 horas en la plaza del Alei, frente al edificio Oracle.<\/p>\n<p>El viernes, pop up en <strong>La Temporal,<\/strong> que en esta ocasi\u00f3n tendr\u00e1 como protagonista a la dise\u00f1adora Paloma Su\u00e1rez junto a las creaciones de Prenda y Unum Eye Wear. Ser\u00e1 como siempre de 12 a 21 horas en la c\u00e9ntrica Calle Bolsa 3, 1\u00ba &#8211; 2, en M\u00e1laga capital.<\/p>\n<p><a href=\"https:\/\/static-blogs.diariosur.es\/wp-content\/uploads\/sites\/19\/2017\/11\/protectora.png\"><img loading=\"lazy\" class=\"alignnone size-full wp-image-4427\" src=\"https:\/\/static-blogs.diariosur.es\/wp-content\/uploads\/sites\/19\/2017\/11\/protectora.png\" alt=\"protectora\" width=\"940\" height=\"788\" srcset=\"https:\/\/static-blogs.diariosur.es\/wp-content\/uploads\/sites\/19\/2017\/11\/protectora.png 940w, https:\/\/static-blogs.diariosur.es\/wp-content\/uploads\/sites\/19\/2017\/11\/protectora-300x251.png 300w, https:\/\/static-blogs.diariosur.es\/wp-content\/uploads\/sites\/19\/2017\/11\/protectora-768x644.png 768w\" sizes=\"(max-width: 940px) 100vw, 940px\" \/><\/a><\/p>\n<p>La novedad de este finde corre a cargo de la<strong> Sociedad Protectora de Animales y Plantas de M\u00e1laga, que organiza un mercadillo solidario<\/strong> de segunda mano vintage en el que estar\u00e1n presentes por supuesto animales en adopci\u00f3n pero tambi\u00e9n habr\u00e1 picoteo con empanadas chilenas, pinchitos, hamburguesas veganas y m\u00e1s. Se celebra tanto el s\u00e1bado como el domingo de 11 a 14 horas en su sede, en el Camino de las Erizas 4, en M\u00e1laga capital.<\/p>\n<p>Y el domingo se instalar\u00e1 el\u00a0<strong>Zoco de Muelle Uno<\/strong>, que de 11 a 18 horas reunir\u00e1 una vez m\u00e1s interesantes expositores con moda, complementos de todo tipo, decoraci\u00f3n, alimentaci\u00f3n&#8230;<\/p>\n<p>\u00a1Buen fin de semana!<\/p>\n","protected":false},"excerpt":{"rendered":"<p>Muy variada es la agenda de mercadillos de este fin de semana en M\u00e1laga. La lista de propuestas arranca este jueves de la mano de la asociaci\u00f3n Guadalhorce Ecol\u00f3gico, que llevar\u00e1 sus productos saludables al PTA. As\u00ed, estar\u00e1n de 11 a 15 horas en la plaza del Alei, frente al edificio Oracle. El viernes, pop [&hellip;]<\/p>\n","protected":false},"author":24,"featured_media":0,"comment_status":"open","ping_status":"open","sticky":false,"template":"","format":"standard","meta":[],"categories":[4,5],"tags":[311,4087,4106,4105,3972],"_links":{"self":[{"href":"https:\/\/blogs.diariosur.es\/-que-le-compro-\/wp-json\/wp\/v2\/posts\/4426"}],"collection":[{"href":"https:\/\/blogs.diariosur.es\/-que-le-compro-\/wp-json\/wp\/v2\/posts"}],"about":[{"href":"https:\/\/blogs.diariosur.es\/-que-le-compro-\/wp-json\/wp\/v2\/types\/post"}],"author":[{"embeddable":true,"href":"https:\/\/blogs.diariosur.es\/-que-le-compro-\/wp-json\/wp\/v2\/users\/24"}],"replies":[{"embeddable":true,"href":"https:\/\/blogs.diariosur.es\/-que-le-compro-\/wp-json\/wp\/v2\/comments?post=4426"}],"version-history":[{"count":1,"href":"https:\/\/blogs.diariosur.es\/-que-le-compro-\/wp-json\/wp\/v2\/posts\/4426\/revisions"}],"predecessor-version":[{"id":4428,"href":"https:\/\/blogs.diariosur.es\/-que-le-compro-\/wp-json\/wp\/v2\/posts\/4426\/revisions\/4428"}],"wp:attachment":[{"href":"https:\/\/blogs.diariosur.es\/-que-le-compro-\/wp-json\/wp\/v2\/media?parent=4426"}],"wp:term":[{"taxonomy":"category","embeddable":true,"href":"https:\/\/blogs.diariosur.es\/-que-le-compro-\/wp-json\/wp\/v2\/categories?post=4426"},{"taxonomy":"post_tag","embeddable":true,"href":"https:\/\/blogs.diariosur.es\/-que-le-compro-\/wp-json\/wp\/v2\/tags?post=4426"}],"curies":[{"name":"wp","href":"https:\/\/api.w.org\/{rel}","templated":true}]}}