{"id":4430,"date":"2017-11-22T21:32:01","date_gmt":"2017-11-22T20:32:01","guid":{"rendered":"http:\/\/blogs.diariosur.es\/-que-le-compro-\/?p=4430"},"modified":"2017-11-27T10:34:29","modified_gmt":"2017-11-27T09:34:29","slug":"mercadillos-navidad-malaga","status":"publish","type":"post","link":"https:\/\/blogs.diariosur.es\/-que-le-compro-\/2017\/11\/22\/mercadillos-navidad-malaga\/","title":{"rendered":"Mercadillos de Navidad en M\u00e1laga y Black Friday"},"content":{"rendered":"<p>\u00a1Ya est\u00e1 aqu\u00ed el fin de semana! Aunque las compras son protagonistas en estos d\u00edas porque este viernes, 24 de noviembre, se celebra el <a href=\"http:\/\/www.diariosur.es\/malaga\/ofertas-black-friday-20171122182154-nt.html\" rel=\"external nofollow\"><strong>Black Friday<\/strong><\/a>, al que cada a\u00f1o se suman m\u00e1s marcas con importantes descuentos.<\/p>\n<p>En la agenda de mercadillos de M\u00e1laga la agenda se abre, como es habitual, este viernes en<strong> La Temporal<\/strong>, que anuncia su pop up especial Black Friday de 12 a 21 horas. La cita es en la calle Bolsa 3, 1\u00ba2, en pleno centro de M\u00e1laga.<\/p>\n<p>Pero la protagonista de este fin de semana es la Navidad, aunque a\u00fan falta un mes. Este viernes es la inauguraci\u00f3n del alumbrado en el Centro y ese mismo d\u00eda se estrenar\u00e1 el <strong>mercadillo especial de Muelle Uno<\/strong>, que se prolongar\u00e1 hasta el pr\u00f3ximo 7 de enero. Podr\u00e1 visitarse todos los d\u00edas de 10 a 22 horas.<\/p>\n<p>Tambi\u00e9n el d\u00eda 24 se estrenar\u00e1 el <strong>XI Mercado Navide\u00f1o de Fuengirola<\/strong>, que se celebrar\u00e1 hasta el 17 de diciembre en la plaza de la Constituci\u00f3n. Lo que le hace especialmente original es que en vez de stands cuenta con caba\u00f1as de madera.<\/p>\n<p>El s\u00e1bado, la <strong>escuela Waldorf Internacional El Farol<\/strong> celebra su Mercadillo de Navidad, que comenzar\u00e1 a las 11 de la ma\u00f1ana y se prolongar\u00e1 hasta las cuatro de la tarde. Entre las actividades previstas figura una charla pedag\u00f3gica, un taller de coronas de adviento y por supuesto productos artesanales. En las instalaciones de este centro, ubicado en calle Liebre 2, en la urbanizaci\u00f3n Cerrado de Calder\u00f3n de Malaga capital.<br \/>\n<a href=\"https:\/\/static-blogs.diariosur.es\/wp-content\/uploads\/sites\/19\/2017\/11\/mercado-concepcion.jpg\"><img loading=\"lazy\" class=\"alignnone size-large wp-image-4431\" src=\"https:\/\/static-blogs.diariosur.es\/wp-content\/uploads\/sites\/19\/2017\/11\/mercado-concepcion-727x1024.jpg\" alt=\"mercado-concepcion\" width=\"727\" height=\"1024\" srcset=\"https:\/\/static-blogs.diariosur.es\/wp-content\/uploads\/sites\/19\/2017\/11\/mercado-concepcion-727x1024.jpg 727w, https:\/\/static-blogs.diariosur.es\/wp-content\/uploads\/sites\/19\/2017\/11\/mercado-concepcion-213x300.jpg 213w, https:\/\/static-blogs.diariosur.es\/wp-content\/uploads\/sites\/19\/2017\/11\/mercado-concepcion-768x1081.jpg 768w\" sizes=\"(max-width: 727px) 100vw, 727px\" \/><\/a><\/p>\n<p>El domingo, el<strong> Jard\u00edn Bot\u00e1nico-Hist\u00f3rico La Concepci\u00f3n acoge su Gran Mercado de Navidad<\/strong>, que ofrecer\u00e1 puestos de moda, complementos, iustraci\u00f3n, artesan\u00eda o antig\u00fcedades, entre otros interesantes art\u00edculos. Tambi\u00e9n habr\u00e1 food trucks para poder reponer fuerzas.<br \/>\nEl horario ser\u00e1 de 10.00 a 18.00 horas, aunque el \u00faltimo acceso al jard\u00edn ser\u00e1 a las 16.30 horas. La entrada al recinto es gratis, como es habitual los domingos.<br \/>\nTambi\u00e9n el domingo el popular<strong> Cementerio Ingl\u00e9s<\/strong> organizar\u00e1 su tradicional Rastrillo de Navidad organizado por la Iglesia Anglicana de St George, que podr\u00e1 visitarse desde las 12.30 horas.\u00a0 Los asistentes encontrar\u00e1n productos t\u00edpicos de navidad as\u00ed como libros, art\u00edculos curiosos de distinto tipo e incluso una t\u00f3mbola.<\/p>\n<p><a href=\"https:\/\/static-blogs.diariosur.es\/wp-content\/uploads\/sites\/19\/2017\/11\/pendientes.jpg\"><img loading=\"lazy\" class=\"alignnone size-full wp-image-4432\" src=\"https:\/\/static-blogs.diariosur.es\/wp-content\/uploads\/sites\/19\/2017\/11\/pendientes.jpg\" alt=\"pendientes\" width=\"840\" height=\"630\" srcset=\"https:\/\/static-blogs.diariosur.es\/wp-content\/uploads\/sites\/19\/2017\/11\/pendientes.jpg 840w, https:\/\/static-blogs.diariosur.es\/wp-content\/uploads\/sites\/19\/2017\/11\/pendientes-300x225.jpg 300w, https:\/\/static-blogs.diariosur.es\/wp-content\/uploads\/sites\/19\/2017\/11\/pendientes-768x576.jpg 768w\" sizes=\"(max-width: 840px) 100vw, 840px\" \/><\/a><\/p>\n<p>Y en el Centro, vuelve <strong>La Plaza Merced Market<\/strong>, que de 11:00 a 19:00 horas reunir\u00e1 diversos expositores con moda, manualidades, decoraci\u00f3n, cer\u00e1mica, o productos gourmet, entre otros.<\/p>\n<p>Adem\u00e1s, ya han abierto algunos puestos del tradicional mercadillo que se monta cada a\u00f1o en el <strong>Parque<\/strong> as\u00ed que tambi\u00e9n ya pod\u00e9is ir encontrando detalles de Navidad en este precioso enclave de M\u00e1laga capital.<br \/>\n\u00a1Buen fin de semana!<\/p>\n","protected":false},"excerpt":{"rendered":"<p>\u00a1Ya est\u00e1 aqu\u00ed el fin de semana! Aunque las compras son protagonistas en estos d\u00edas porque este viernes, 24 de noviembre, se celebra el Black Friday, al que cada a\u00f1o se suman m\u00e1s marcas con importantes descuentos. En la agenda de mercadillos de M\u00e1laga la agenda se abre, como es habitual, este viernes en La [&hellip;]<\/p>\n","protected":false},"author":24,"featured_media":0,"comment_status":"open","ping_status":"open","sticky":false,"template":"","format":"standard","meta":[],"categories":[2,4,7],"tags":[1286,4108,4107,2345,2346],"_links":{"self":[{"href":"https:\/\/blogs.diariosur.es\/-que-le-compro-\/wp-json\/wp\/v2\/posts\/4430"}],"collection":[{"href":"https:\/\/blogs.diariosur.es\/-que-le-compro-\/wp-json\/wp\/v2\/posts"}],"about":[{"href":"https:\/\/blogs.diariosur.es\/-que-le-compro-\/wp-json\/wp\/v2\/types\/post"}],"author":[{"embeddable":true,"href":"https:\/\/blogs.diariosur.es\/-que-le-compro-\/wp-json\/wp\/v2\/users\/24"}],"replies":[{"embeddable":true,"href":"https:\/\/blogs.diariosur.es\/-que-le-compro-\/wp-json\/wp\/v2\/comments?post=4430"}],"version-history":[{"count":5,"href":"https:\/\/blogs.diariosur.es\/-que-le-compro-\/wp-json\/wp\/v2\/posts\/4430\/revisions"}],"predecessor-version":[{"id":4439,"href":"https:\/\/blogs.diariosur.es\/-que-le-compro-\/wp-json\/wp\/v2\/posts\/4430\/revisions\/4439"}],"wp:attachment":[{"href":"https:\/\/blogs.diariosur.es\/-que-le-compro-\/wp-json\/wp\/v2\/media?parent=4430"}],"wp:term":[{"taxonomy":"category","embeddable":true,"href":"https:\/\/blogs.diariosur.es\/-que-le-compro-\/wp-json\/wp\/v2\/categories?post=4430"},{"taxonomy":"post_tag","embeddable":true,"href":"https:\/\/blogs.diariosur.es\/-que-le-compro-\/wp-json\/wp\/v2\/tags?post=4430"}],"curies":[{"name":"wp","href":"https:\/\/api.w.org\/{rel}","templated":true}]}}