{"id":4440,"date":"2017-11-28T11:25:36","date_gmt":"2017-11-28T10:25:36","guid":{"rendered":"http:\/\/blogs.diariosur.es\/-que-le-compro-\/?p=4440"},"modified":"2017-11-28T11:25:36","modified_gmt":"2017-11-28T10:25:36","slug":"givingtuesday-28-noviembre-proyectos","status":"publish","type":"post","link":"https:\/\/blogs.diariosur.es\/-que-le-compro-\/2017\/11\/28\/givingtuesday-28-noviembre-proyectos\/","title":{"rendered":"Llega el GivingTuesday, todo lo opuesto al Black Friday"},"content":{"rendered":"<p>Si durante el fin de semana (o incluso desde antes) la locura por las compras se ha desatado ya con las miras puestas en Navidad por el <strong>Black Friday<\/strong>, este martes es el momento de pensar en los dem\u00e1s de una manera solidaria. Este 28 de noviembre se celebra el<strong> #GivingTuesday<\/strong>, un movimiento global de solidaridad que fomenta una cultura de la colaboraci\u00f3n a trav\u00e9s de donaciones a distintas causas sociales<\/p>\n<p>Tambi\u00e9n naci\u00f3 en Estados Unidos y en 2012, pero hoy en d\u00eda es una iniciativa promovida por la ONU, entre otras instituciones, a la que ya se han adherido m\u00e1s de 70 pa\u00edses. Su principal objetivo es fomentar la solidaridad entre personas y empresas en todo el mundo, y promover el desarrollo econ\u00f3mico y social a trav\u00e9s de la cooperaci\u00f3n. El a\u00f1o pasado se lograron donaciones por importe de 558.617 euros y se adhirieron a la iniciativa 5.837 nuevos donantes.<\/p>\n<p>Este a\u00f1o participan una veintena de ONG y asociaciones con <a href=\"http:\/\/givingtuesday.es\/projects\/\" rel=\"external nofollow\">distintos proyectos que puedes conocer aqu\u00ed <\/a><br \/>\n<a href=\"https:\/\/static-blogs.diariosur.es\/wp-content\/uploads\/sites\/19\/2017\/11\/giving.jpg\"><img loading=\"lazy\" class=\"alignnone size-full wp-image-4441\" src=\"https:\/\/static-blogs.diariosur.es\/wp-content\/uploads\/sites\/19\/2017\/11\/giving.jpg\" alt=\"giving\" width=\"935\" height=\"463\" srcset=\"https:\/\/static-blogs.diariosur.es\/wp-content\/uploads\/sites\/19\/2017\/11\/giving.jpg 935w, https:\/\/static-blogs.diariosur.es\/wp-content\/uploads\/sites\/19\/2017\/11\/giving-300x149.jpg 300w, https:\/\/static-blogs.diariosur.es\/wp-content\/uploads\/sites\/19\/2017\/11\/giving-768x380.jpg 768w\" sizes=\"(max-width: 935px) 100vw, 935px\" \/><\/a><\/p>\n<p>\u00bfTe animas a colaborar?<\/p>\n","protected":false},"excerpt":{"rendered":"<p>Si durante el fin de semana (o incluso desde antes) la locura por las compras se ha desatado ya con las miras puestas en Navidad por el Black Friday, este martes es el momento de pensar en los dem\u00e1s de una manera solidaria. Este 28 de noviembre se celebra el #GivingTuesday, un movimiento global de [&hellip;]<\/p>\n","protected":false},"author":24,"featured_media":0,"comment_status":"open","ping_status":"open","sticky":false,"template":"","format":"standard","meta":[],"categories":[1],"tags":[439,1550,4109],"_links":{"self":[{"href":"https:\/\/blogs.diariosur.es\/-que-le-compro-\/wp-json\/wp\/v2\/posts\/4440"}],"collection":[{"href":"https:\/\/blogs.diariosur.es\/-que-le-compro-\/wp-json\/wp\/v2\/posts"}],"about":[{"href":"https:\/\/blogs.diariosur.es\/-que-le-compro-\/wp-json\/wp\/v2\/types\/post"}],"author":[{"embeddable":true,"href":"https:\/\/blogs.diariosur.es\/-que-le-compro-\/wp-json\/wp\/v2\/users\/24"}],"replies":[{"embeddable":true,"href":"https:\/\/blogs.diariosur.es\/-que-le-compro-\/wp-json\/wp\/v2\/comments?post=4440"}],"version-history":[{"count":1,"href":"https:\/\/blogs.diariosur.es\/-que-le-compro-\/wp-json\/wp\/v2\/posts\/4440\/revisions"}],"predecessor-version":[{"id":4442,"href":"https:\/\/blogs.diariosur.es\/-que-le-compro-\/wp-json\/wp\/v2\/posts\/4440\/revisions\/4442"}],"wp:attachment":[{"href":"https:\/\/blogs.diariosur.es\/-que-le-compro-\/wp-json\/wp\/v2\/media?parent=4440"}],"wp:term":[{"taxonomy":"category","embeddable":true,"href":"https:\/\/blogs.diariosur.es\/-que-le-compro-\/wp-json\/wp\/v2\/categories?post=4440"},{"taxonomy":"post_tag","embeddable":true,"href":"https:\/\/blogs.diariosur.es\/-que-le-compro-\/wp-json\/wp\/v2\/tags?post=4440"}],"curies":[{"name":"wp","href":"https:\/\/api.w.org\/{rel}","templated":true}]}}