{"id":4443,"date":"2017-11-30T16:06:38","date_gmt":"2017-11-30T15:06:38","guid":{"rendered":"http:\/\/blogs.diariosur.es\/-que-le-compro-\/?p=4443"},"modified":"2017-12-01T14:15:39","modified_gmt":"2017-12-01T13:15:39","slug":"rastrillo-mercadillos-navidad-malaga","status":"publish","type":"post","link":"https:\/\/blogs.diariosur.es\/-que-le-compro-\/2017\/11\/30\/rastrillo-mercadillos-navidad-malaga\/","title":{"rendered":"Rastrillo de Nuevo Futuro y m\u00e1s mercadillos solidarios y de Navidad"},"content":{"rendered":"<p>Comienza diciembre, la Navidad se acerca, y se nota en todo, mucho m\u00e1s en la agenda de mercadillos. As\u00ed que este fin de semana vamos a poder disfrutar en M\u00e1laga de una lista larga de propuestas, \u00a1toma nota!<\/p>\n<p><a href=\"https:\/\/static-blogs.diariosur.es\/wp-content\/uploads\/sites\/19\/2017\/11\/rastrillo2.jpeg\"><img loading=\"lazy\" class=\"alignnone size-full wp-image-4445\" src=\"https:\/\/static-blogs.diariosur.es\/wp-content\/uploads\/sites\/19\/2017\/11\/rastrillo2.jpeg\" alt=\"rastrillo2\" width=\"855\" height=\"570\" srcset=\"https:\/\/static-blogs.diariosur.es\/wp-content\/uploads\/sites\/19\/2017\/11\/rastrillo2.jpeg 855w, https:\/\/static-blogs.diariosur.es\/wp-content\/uploads\/sites\/19\/2017\/11\/rastrillo2-300x200.jpeg 300w, https:\/\/static-blogs.diariosur.es\/wp-content\/uploads\/sites\/19\/2017\/11\/rastrillo2-768x512.jpeg 768w\" sizes=\"(max-width: 855px) 100vw, 855px\" \/><\/a><\/p>\n<p>Para empezar, este viernes arranca una de las citas solidarias m\u00e1s emblem\u00e1ticas en la capital: el <strong>Rastrillo de Nuevo Futuro<\/strong>, que se celebrar\u00e1 hasta el pr\u00f3ximo lunes en el Palacio de Ferias y Congresos. La entrada cuesta 2 euros, pero va destinada a una gran causa: la de Nuevo Futuro, que se encarga de darles un hogar a menores en dificultades. Y para apoyar a este loable objetivo se pueden visitar adem\u00e1s decenas de expositores con artesan\u00eda, decoraci\u00f3n, antig\u00fcedades, moda para toda la familia y numerosos regalos de todo tipo, incluidos detalles de Navidad. El horario es de 11 de la ma\u00f1ana a diez de la noche, de manera ininterrumpida.<\/p>\n<p>Tambi\u00e9n este viernes, 1 de diciembre, vuelve el <strong>Rastro Nocturno de La T\u00e9rmica<\/strong>, el \u00faltimo del a\u00f1o, con diversas actividades desde las 19.00 hasta las 00.00 horas. Esta edici\u00f3n cuenta con m\u00e1s de 65 stands nuevos que presentan libros, objetos de decoraci\u00f3n, fanzines, vinilos, joyer\u00eda, jardiner\u00eda, ropa vintage, gafas de todo tipo, y litograf\u00edas art\u00edsticas entre otros objetos.\u00a0 Adem\u00e1s, se contar\u00e1 con la participaci\u00f3n de las foodtrucks \u2018La Yankeneta\u2019, especializada en gastronom\u00eda americana, y \u2018Malaspina M\u00e1laga\u2019, una propuesta gastron\u00f3mica con recetas de toda la vida y productos de la provincia de M\u00e1laga.<\/p>\n<p><a href=\"https:\/\/static-blogs.diariosur.es\/wp-content\/uploads\/sites\/19\/2017\/11\/rastro-nocturno-1.jpg\"><img loading=\"lazy\" class=\"alignnone size-large wp-image-4447\" src=\"https:\/\/static-blogs.diariosur.es\/wp-content\/uploads\/sites\/19\/2017\/11\/rastro-nocturno-1-1024x683.jpg\" alt=\"rastro-nocturno\" width=\"1024\" height=\"683\" srcset=\"https:\/\/static-blogs.diariosur.es\/wp-content\/uploads\/sites\/19\/2017\/11\/rastro-nocturno-1.jpg 1024w, https:\/\/static-blogs.diariosur.es\/wp-content\/uploads\/sites\/19\/2017\/11\/rastro-nocturno-1-300x200.jpg 300w, https:\/\/static-blogs.diariosur.es\/wp-content\/uploads\/sites\/19\/2017\/11\/rastro-nocturno-1-768x512.jpg 768w\" sizes=\"(max-width: 1024px) 100vw, 1024px\" \/><\/a><\/p>\n<p>El programa nacional de cortometrajes \u2018Cinem\u00edstica\u2019 celebra su semana de cine antrop\u00f3logo con la proyecci\u00f3n de nueve cortos de Rusia, EEUU, Hungr\u00eda y Espa\u00f1a a las 19.00 horas. Tambi\u00e9n, gracias al British Council, se podr\u00e1 asistir a la proyecci\u00f3n de \u2018Amy\u2019 (2015), el documental sobre la cantante Amy Winehouse, dirigido por Asif Kapadia, a las 21.30 horas.<\/p>\n<p>La m\u00fasica tendr\u00e1 m\u00e1s protagonismo a\u00fan a lo largo de la noche con el directo de Juan Habichuela Nieto a las 21.30 y a las 23.30 horas, con motivo de los Talleres de Matices de Cervezas Alhambra.<\/p>\n<p>El s\u00e1bado, la<strong> biblioteca de Arroyo de la Miel<\/strong> celebra su tradicional mercadillo solidario de libros, cuya recaudaci\u00f3n\u00a0se destina \u00edntegramente a Cudeca y a sus programas asistenciales, que prestan cuidados paliativos a personas con c\u00e1ncer en fase no curativa. A partir de 50 c\u00e9ntimos se podr\u00e1n adquirir publicaciones de muy distinta \u00edndole, todas en buen estado. El horario es de<\/p>\n<div>La cita es el s\u00e1bado 2 de diciembre, desde las 10 hasta las 14 horas, en la puerta de entrada de<\/div>\n<div>la Biblioteca.<\/div>\n<div><\/div>\n<div>Este d\u00eda tambi\u00e9n, pero en<strong> V\u00e9lez-M\u00e1laga<\/strong>, los amantes del queso tienen una cita en la plaza de los Carmelitas de esta localidad, que acoge un mercado de este manjar que incluye adem\u00e1s catas y una visita guiada a una queser\u00eda. La cita se desarrollar\u00e1 de 11 a 15 horas.<\/div>\n<div><\/div>\n<div>El domingo se celebrar\u00e1 de 11 a 21 horas una nueva edici\u00f3n del <strong>mercadillo solidario Unidos contra el c\u00e1ncer<\/strong>, en el que se podr\u00e1 conocer un poco m\u00e1s las entidades que se unen en este proyecto as\u00ed como adquirir distintos art\u00edculos para su causa, que engloban desde manualidades realizadas por pacientes y voluntarios a productos donados por empresas (vinos, surtidos navide\u00f1os, manualidades, art\u00edculos para ni\u00f1os o ropa de segunda mano. As\u00ed, la c\u00e9ntrica calle Alcazabilla de M\u00e1laga capital ser\u00e1 el escenario de esta iniciativa, en la que se desarrollar\u00e1n actividades dirigidas a los m\u00e1s peque\u00f1os y distribuidas en tres espacios: escenarios, animaci\u00f3n y una ludoteca que estar\u00e1 abierta de 11:00 a 21:00 horas.<\/div>\n<div>Actualmente integran esta agrupaci\u00f3n la Fundaci\u00f3n Luis Olivares, la Fundaci\u00f3n Infantil Ronald Macdonald, la Asociaci\u00f3n de Voluntarios de Oncolog\u00eda Infantil (AVOI), la Fundaci\u00f3n Malague\u00f1a de Asistencia a Enfermos de C\u00e1ncer (FMAEC), la Fundaci\u00f3n Cudeca, la Asociaci\u00f3n Espa\u00f1ola Contra el C\u00e1ncer (AECC), Fundaci\u00f3n C\u00e9sare Escariolo, la Asociaci\u00f3n para la Atenci\u00f3n de las Mujeres Masectomizadas u Operadas de C\u00e1ncer de Mama (ASAMMA) y el \u00c1rea de Derechos Sociales del Ayuntamiento de M\u00e1laga.<\/div>\n<div><\/div>\n<div>Paralelamente, en el Parque de la Alameda de Marbella se desarrollar\u00e1 el <strong>Rastrillo Ben\u00e9fico a favor de la asociaci\u00f3n Horizonte Proyecto Hombre Marbella<\/strong> desde las diez de la ma\u00f1ana. All\u00ed habr\u00e1 art\u00edculos nuevos y seminuevos como ropa y complementos para toda la familia, juguetes, decoraci\u00f3n, libros en diferentes idiomas, discos, cuadros, art\u00edculos de regalo, reposter\u00eda artesanal&#8230; La recaudaci\u00f3n se destinar\u00e1 al sostenimiento de los importantes programas y servicios de prevenci\u00f3n y tratamiento que desarrolla la asociaci\u00f3n Horizonte.<\/div>\n<div><\/div>\n<div>\n<p>Y adem\u00e1s ya sab\u00e9is que todos los d\u00edas podemos disfrutar de tres mercadillos navide\u00f1os. Uno de ellos es el m\u00e1s tradicional por antonomasia en M\u00e1laga capital, el del <strong>Paseo del Parque<\/strong>, que hasta el d\u00eda de Reyes ofrece decenas de expositores con miles de art\u00edculos para regalar y sorprender.Tambi\u00e9n est\u00e1 en la agenda el\u00a0<strong>mercadillo especial de Muelle Uno<\/strong>, que se prolongar\u00e1 hasta el pr\u00f3ximo 7 de enero y que puede visitarse\u00a0 todos los d\u00edas de 10 a 22 horas as\u00ed como el\u00a0<strong>XI Mercado Navide\u00f1o de Fuengirola<\/strong>, que se celebrar\u00e1 hasta el 17 de diciembre en la plaza de la Constituci\u00f3n.<\/p>\n<p>\u00a1Buen fin de semana!<\/p>\n<\/div>\n","protected":false},"excerpt":{"rendered":"<p>Comienza diciembre, la Navidad se acerca, y se nota en todo, mucho m\u00e1s en la agenda de mercadillos. As\u00ed que este fin de semana vamos a poder disfrutar en M\u00e1laga de una lista larga de propuestas, \u00a1toma nota! Para empezar, este viernes arranca una de las citas solidarias m\u00e1s emblem\u00e1ticas en la capital: el Rastrillo [&hellip;]<\/p>\n","protected":false},"author":24,"featured_media":0,"comment_status":"open","ping_status":"open","sticky":false,"template":"","format":"standard","meta":[],"categories":[3,4,5,6],"tags":[4111,2323,4114,4112,4113,4110,4093],"_links":{"self":[{"href":"https:\/\/blogs.diariosur.es\/-que-le-compro-\/wp-json\/wp\/v2\/posts\/4443"}],"collection":[{"href":"https:\/\/blogs.diariosur.es\/-que-le-compro-\/wp-json\/wp\/v2\/posts"}],"about":[{"href":"https:\/\/blogs.diariosur.es\/-que-le-compro-\/wp-json\/wp\/v2\/types\/post"}],"author":[{"embeddable":true,"href":"https:\/\/blogs.diariosur.es\/-que-le-compro-\/wp-json\/wp\/v2\/users\/24"}],"replies":[{"embeddable":true,"href":"https:\/\/blogs.diariosur.es\/-que-le-compro-\/wp-json\/wp\/v2\/comments?post=4443"}],"version-history":[{"count":6,"href":"https:\/\/blogs.diariosur.es\/-que-le-compro-\/wp-json\/wp\/v2\/posts\/4443\/revisions"}],"predecessor-version":[{"id":4452,"href":"https:\/\/blogs.diariosur.es\/-que-le-compro-\/wp-json\/wp\/v2\/posts\/4443\/revisions\/4452"}],"wp:attachment":[{"href":"https:\/\/blogs.diariosur.es\/-que-le-compro-\/wp-json\/wp\/v2\/media?parent=4443"}],"wp:term":[{"taxonomy":"category","embeddable":true,"href":"https:\/\/blogs.diariosur.es\/-que-le-compro-\/wp-json\/wp\/v2\/categories?post=4443"},{"taxonomy":"post_tag","embeddable":true,"href":"https:\/\/blogs.diariosur.es\/-que-le-compro-\/wp-json\/wp\/v2\/tags?post=4443"}],"curies":[{"name":"wp","href":"https:\/\/api.w.org\/{rel}","templated":true}]}}