{"id":4453,"date":"2017-12-05T13:12:45","date_gmt":"2017-12-05T12:12:45","guid":{"rendered":"http:\/\/blogs.diariosur.es\/-que-le-compro-\/?p=4453"},"modified":"2017-12-09T18:01:03","modified_gmt":"2017-12-09T17:01:03","slug":"mercadillos-malaga-puente-diciembre-2","status":"publish","type":"post","link":"https:\/\/blogs.diariosur.es\/-que-le-compro-\/2017\/12\/05\/mercadillos-malaga-puente-diciembre-2\/","title":{"rendered":"Mercadillos en M\u00e1laga en el puente de la Inmaculada"},"content":{"rendered":"<p>Son muchos los que esta semana tienen varios d\u00edas de fiesta, pero la agenda de mercadillos en M\u00e1laga no para, \u00a1todo lo contrario! Este lunes se inaugura la <strong>exposici\u00f3n PlayBel\u00e9n en Fuengirola<\/strong>, que se celebrar\u00e1 en la plaza de toros de Fuengirola a beneficio de C\u00e1ritas, Avoi y la Asociaci\u00f3n Espa\u00f1ola contra el c\u00e1ncer. As\u00ed que si os gustan los entra\u00f1ables figuras de Playmobil y adem\u00e1s de disfrutar viendo el montaje y haciendo alguna adquisici\u00f3n quer\u00e9is ayudar a la labor de estas asociaciones ben\u00e9ficas ya sab\u00e9is d\u00f3nde ten\u00e9is que ir en las pr\u00f3ximas semanas hasta el pr\u00f3ximo 7 de enero.<\/p>\n<p><a href=\"https:\/\/static-blogs.diariosur.es\/wp-content\/uploads\/sites\/19\/2017\/12\/playbelen.jpg\"><img loading=\"lazy\" class=\"alignnone size-full wp-image-4455\" src=\"https:\/\/static-blogs.diariosur.es\/wp-content\/uploads\/sites\/19\/2017\/12\/playbelen.jpg\" alt=\"playbelen\" width=\"612\" height=\"858\" srcset=\"https:\/\/static-blogs.diariosur.es\/wp-content\/uploads\/sites\/19\/2017\/12\/playbelen.jpg 612w, https:\/\/static-blogs.diariosur.es\/wp-content\/uploads\/sites\/19\/2017\/12\/playbelen-214x300.jpg 214w\" sizes=\"(max-width: 612px) 100vw, 612px\" \/><\/a><\/p>\n<p>El martes 5 <strong>La habitaci\u00f3n de Kate vuelve<\/strong> a M\u00e1laga con su \u00fanico showroom en estas fiestas. Estar\u00e1 abierto desde las once de la ma\u00f1ana hasta las ocho de la tarde en la c\u00e9ntrica plaza San Francisco 11, 1\u00baC as\u00ed que ya sab\u00e9is que es la ocasi\u00f3n para buscar alguna prenda y\/o complementos para regalar o para lucir en las pr\u00f3ximas fiestas.<\/p>\n<p>Y desde este martes tambi\u00e9n y hasta el pr\u00f3ximo domingo 10 se podr\u00e1 visitar en Torrox costa un gran mercadillo navide\u00f1o ubicado en la\u00a0<strong>Lonja Horto M\u00e1laga, <\/strong>que ofrcer\u00e1 unos 50 expositores con art\u00edculos navide\u00f1os, moda, artesan\u00eda as\u00ed como gastronom\u00eda. El horario es de 11 a 21.30 horas y el mi\u00e9rcoles ser\u00e1 el D\u00eda del Ni\u00f1o, qpor lo que habr\u00e1 descuentos en las atracciones y los peques podr\u00e1n entregar sus cartas tanto a Pap\u00e1 No\u00e9l como al Cartero Real.<\/p>\n<p>Adem\u00e1s, ya sab\u00e9is que todos los d\u00edas podemos disfrutar de tres mercadillos navide\u00f1os.\u00a0Por un lado, el tradicional que todos los a\u00f1os se monta en\u00a0el del\u00a0<strong>Paseo del Parque<\/strong>, que hasta el d\u00eda de Reyes ofrece decenas de expositores con miles de art\u00edculos para regalar y sorprender. Tambi\u00e9n merce la pena visitar la Plaza de Navidad de<strong>\u00a0Muelle Uno<\/strong>, que se prolongar\u00e1 hasta el pr\u00f3ximo 7 de enero y que puede visitarse\u00a0 todos los d\u00edas de 10 a 22 horas as\u00ed como el\u00a0<strong>XI Mercado Navide\u00f1o de Fuengirola<\/strong>, que se desarrolla con sus originales casitas de madera hasta el 17 de diciembre en la plaza de la Constituci\u00f3n de esta localidad.<\/p>\n<p><a href=\"https:\/\/static-blogs.diariosur.es\/wp-content\/uploads\/sites\/19\/2017\/12\/concepcion-cartel.jpg\"><img loading=\"lazy\" class=\"alignnone size-large wp-image-4454\" src=\"https:\/\/static-blogs.diariosur.es\/wp-content\/uploads\/sites\/19\/2017\/12\/concepcion-cartel-727x1024.jpg\" alt=\"concepcion-cartel\" width=\"727\" height=\"1024\" srcset=\"https:\/\/static-blogs.diariosur.es\/wp-content\/uploads\/sites\/19\/2017\/12\/concepcion-cartel-727x1024.jpg 727w, https:\/\/static-blogs.diariosur.es\/wp-content\/uploads\/sites\/19\/2017\/12\/concepcion-cartel-213x300.jpg 213w, https:\/\/static-blogs.diariosur.es\/wp-content\/uploads\/sites\/19\/2017\/12\/concepcion-cartel-768x1081.jpg 768w\" sizes=\"(max-width: 727px) 100vw, 727px\" \/><\/a><\/p>\n<p>Y este domingo vuelve el <strong>Gran Mercado de Navidad al Jard\u00edn de La Concepci\u00f3n<\/strong>,\u00a0con entrada gratis, donde junto a este espacio \u00fanico de M\u00e1laga capital se podr\u00e1n visitar numerosos expositores de moda, complementos, antig\u00fcedades, artesan\u00eda y muchas cosas m\u00e1s. As\u00ed, par amenizar las compras hay previstas actividades infantiles para los m\u00e1s peque\u00f1os de la casa, como taller de alfarer\u00eda, cuentacuentos y pintacaras. La zona de restauraci\u00f3n, donde se encontrar\u00e1n los food-trucks, dispondr\u00e1 de una amplia oferta gastron\u00f3mica con pizzas, burritos, hamburguesas, bocadillos o comida sin gluten y sin lactosa.<\/p>\n<p>\u00a1Buen puente!<\/p>\n<p>&nbsp;<\/p>\n","protected":false},"excerpt":{"rendered":"<p>Son muchos los que esta semana tienen varios d\u00edas de fiesta, pero la agenda de mercadillos en M\u00e1laga no para, \u00a1todo lo contrario! Este lunes se inaugura la exposici\u00f3n PlayBel\u00e9n en Fuengirola, que se celebrar\u00e1 en la plaza de toros de Fuengirola a beneficio de C\u00e1ritas, Avoi y la Asociaci\u00f3n Espa\u00f1ola contra el c\u00e1ncer. As\u00ed [&hellip;]<\/p>\n","protected":false},"author":24,"featured_media":0,"comment_status":"open","ping_status":"open","sticky":false,"template":"","format":"standard","meta":[],"categories":[3,4,5,6],"tags":[4116,4118,4119,4117,4115,3381],"_links":{"self":[{"href":"https:\/\/blogs.diariosur.es\/-que-le-compro-\/wp-json\/wp\/v2\/posts\/4453"}],"collection":[{"href":"https:\/\/blogs.diariosur.es\/-que-le-compro-\/wp-json\/wp\/v2\/posts"}],"about":[{"href":"https:\/\/blogs.diariosur.es\/-que-le-compro-\/wp-json\/wp\/v2\/types\/post"}],"author":[{"embeddable":true,"href":"https:\/\/blogs.diariosur.es\/-que-le-compro-\/wp-json\/wp\/v2\/users\/24"}],"replies":[{"embeddable":true,"href":"https:\/\/blogs.diariosur.es\/-que-le-compro-\/wp-json\/wp\/v2\/comments?post=4453"}],"version-history":[{"count":3,"href":"https:\/\/blogs.diariosur.es\/-que-le-compro-\/wp-json\/wp\/v2\/posts\/4453\/revisions"}],"predecessor-version":[{"id":4459,"href":"https:\/\/blogs.diariosur.es\/-que-le-compro-\/wp-json\/wp\/v2\/posts\/4453\/revisions\/4459"}],"wp:attachment":[{"href":"https:\/\/blogs.diariosur.es\/-que-le-compro-\/wp-json\/wp\/v2\/media?parent=4453"}],"wp:term":[{"taxonomy":"category","embeddable":true,"href":"https:\/\/blogs.diariosur.es\/-que-le-compro-\/wp-json\/wp\/v2\/categories?post=4453"},{"taxonomy":"post_tag","embeddable":true,"href":"https:\/\/blogs.diariosur.es\/-que-le-compro-\/wp-json\/wp\/v2\/tags?post=4453"}],"curies":[{"name":"wp","href":"https:\/\/api.w.org\/{rel}","templated":true}]}}