{"id":4460,"date":"2017-12-14T18:57:57","date_gmt":"2017-12-14T17:57:57","guid":{"rendered":"http:\/\/blogs.diariosur.es\/-que-le-compro-\/?p=4460"},"modified":"2017-12-15T11:53:23","modified_gmt":"2017-12-15T10:53:23","slug":"mercadillos-navidad-malaga-showroom","status":"publish","type":"post","link":"https:\/\/blogs.diariosur.es\/-que-le-compro-\/2017\/12\/14\/mercadillos-navidad-malaga-showroom\/","title":{"rendered":"Mucha Navidad en los mercadillos de M\u00e1laga este finde"},"content":{"rendered":"<p>Si cada fin de semana hay diversas propuestas en M\u00e1laga para deleite de los fans de los mercadillos, la agenda de estos d\u00edas viene a tope, y adem\u00e1s con varias novedades. Sigue leyendo y ver\u00e1s que\u00a0 no exageramos.<br \/>\nPor un lado, el festival de dise\u00f1o de M\u00e1laga <strong>Terral Market<\/strong> celebra una edici\u00f3n especial este viernes y s\u00e1bado. Ser\u00e1 en pleno Centro de M\u00e1laga, en la sede de La Temporal (calle Bolsa 3, 1\u00ba2) con entrada gratuita el viernes de 17 a 22 horas y el s\u00e1bado de 10 a 22.<\/p>\n<p><a href=\"https:\/\/static-blogs.diariosur.es\/wp-content\/uploads\/sites\/19\/2017\/12\/cartel-terral.jpg\"><img loading=\"lazy\" class=\"alignnone size-large wp-image-4461\" src=\"https:\/\/static-blogs.diariosur.es\/wp-content\/uploads\/sites\/19\/2017\/12\/cartel-terral-1024x1024.jpg\" alt=\"cartel-terral\" width=\"1024\" height=\"1024\" srcset=\"https:\/\/static-blogs.diariosur.es\/wp-content\/uploads\/sites\/19\/2017\/12\/cartel-terral-1024x1024.jpg 1024w, https:\/\/static-blogs.diariosur.es\/wp-content\/uploads\/sites\/19\/2017\/12\/cartel-terral-150x150.jpg 150w, https:\/\/static-blogs.diariosur.es\/wp-content\/uploads\/sites\/19\/2017\/12\/cartel-terral-300x300.jpg 300w, https:\/\/static-blogs.diariosur.es\/wp-content\/uploads\/sites\/19\/2017\/12\/cartel-terral-768x768.jpg 768w, https:\/\/static-blogs.diariosur.es\/wp-content\/uploads\/sites\/19\/2017\/12\/cartel-terral.jpg 1210w\" sizes=\"(max-width: 1024px) 100vw, 1024px\" \/><\/a><br \/>\nEn esta edici\u00f3n especial bautizada como Extracto se podr\u00e1n ver a Jimmy Mill\u00e1n, artista jiennense de collages que ha expuesto sus obras tanto a nivel nacional como en Londres y Berl\u00edn; DamaJuana, con su tinta de vino ecol\u00f3gica y artesanal que han sido recientemente premiados con el International Graphic Design Awards (IGDEA Awards); R m\u00e1s R una firma de joyer\u00eda que destaca por sus formas geom\u00e9tricas y org\u00e1nicas con la \u00faltima tecnolog\u00eda en fabricaci\u00f3n; los elegantes dise\u00f1os cargados de energ\u00eda positiva y conciencia de Khela; ilustraciones llenas de color y sensaciones del artista Rafa Ruiz expuestas en diferentes galer\u00edas a nivel nacional; los singulares productos handmade de Mirifice; moda para todos los p\u00fablicos cargada de originalidad y frescura made in M\u00e1laga de la firma Cattivi Design; complementos \u00fanicos para gente atrevida, una marca con un aire fresco y desenfadado, con materiales de calidad y dise\u00f1os originales de Papepapepa; la moda sostenible y canalla de Asul; Lili\u00e1n Urquieta, marca de complementos de moda cuyos productos cargados de calidad y dise\u00f1o han sido recomendados por revistas de moda como Vogue.<br \/>\nTambi\u00e9n este viernes 15 y s\u00e1bado 16 en el Centro se celebrar\u00e1<strong> &#8216;El D\u00eda de mi Comuni\u00f3n&#8217;<\/strong>, un showroom con comerciantes y proveedores locales centrado en primeras comuniones. La cita ser\u00e1 en El Atelier de la Merced, en la calle San Juan de Letr\u00e1n, 4 1\u00baC, con entrada gratuita ambos d\u00eda de 12 a 20 horas.<\/p>\n<p><a href=\"https:\/\/static-blogs.diariosur.es\/wp-content\/uploads\/sites\/19\/2017\/12\/comuniones.jpg\"><img loading=\"lazy\" class=\"alignnone size-large wp-image-4462\" src=\"https:\/\/static-blogs.diariosur.es\/wp-content\/uploads\/sites\/19\/2017\/12\/comuniones-1024x715.jpg\" alt=\"comuniones\" width=\"1024\" height=\"715\" srcset=\"https:\/\/static-blogs.diariosur.es\/wp-content\/uploads\/sites\/19\/2017\/12\/comuniones-1024x715.jpg 1024w, https:\/\/static-blogs.diariosur.es\/wp-content\/uploads\/sites\/19\/2017\/12\/comuniones-300x209.jpg 300w, https:\/\/static-blogs.diariosur.es\/wp-content\/uploads\/sites\/19\/2017\/12\/comuniones-768x536.jpg 768w, https:\/\/static-blogs.diariosur.es\/wp-content\/uploads\/sites\/19\/2017\/12\/comuniones.jpg 1334w\" sizes=\"(max-width: 1024px) 100vw, 1024px\" \/><\/a><br \/>\nAdem\u00e1s, el Centro Cultural Pablo Ruiz Picasso de <strong>Torremolinos<\/strong> acoge igualmente este viernes y s\u00e1bado un mercadillo navide\u00f1o de 10 a 18 horas. El objetivo del evento ser\u00e1 recaudar el mayor n\u00famero posible de productos navide\u00f1os que ir\u00e1n a beneficio de Asociaci\u00f3n Evang\u00e9lica Manantial de Agua Viva, Comedor Social Ema\u00fas, Caritas, Club de Leones y Arte contra el Hambre. Adem\u00e1s habr\u00e1 varias actividades pensadas para los m\u00e1s peques.<br \/>\nDe vuelta a la capital, el <strong>Parque Litoral<\/strong> acoge del viernes al domingo un original plan para disfrutar en familia que reunir\u00e1 actividades infantiles, un zoco navide\u00f1o y food-trucks donde ocho chefs deleitar\u00e1n sobre ruedas a los asistentes. A partir de las 13 horas los tres d\u00edas, con entrada gratuita.<\/p>\n<p>Adem\u00e1s, en<strong> Cruz de Humilladero<\/strong> los comerciantes de la zona volver\u00e1n a organizar este viernes su tradicional Mercadillo Navide\u00f1o, en el que se podr\u00e1n adquirir productos en plena calle, de 10 a 21 horas, concretamente en las calles Alfambra y Alberche.<\/p>\n<p>Desde este d\u00eda 15 y\u00a0hasta el 5 de enero, C\u00e1rtama se convertir\u00e1 en \u2018La Ciudad de los Sue\u00f1os\u2019, que tomar\u00e1n la Ciudad Deportiva con variados eventos entre los que no faltar\u00e1, por supuesto, un\u00a0<strong>mercadillo de Navidad.<\/strong><\/p>\n<p>Y para completar el viernes, <strong>\u00c1lora inaugura su XI Mercado Navide\u00f1o<\/strong>, que se celebrar\u00e1 hasta el domingo en la plaza de la Fuente Arriba y que contar\u00e1 adem\u00e1s con pastorales y talleres.<br \/>\nEl s\u00e1bado la<strong> antigua estaci\u00f3n de Benajarafe<\/strong> albergar\u00e1 un mercadillo navide\u00f1o, que contar\u00e1 adem\u00e1s con talleres variados, pintacaras y m\u00fasica en directo desde las 10.30 hasta el mediod\u00eda en ambos casos.<br \/>\nEn el edificio de Ocio del Factory Outlet M\u00e1laga los seguidores de Playmobil podr\u00e1n disfrutar de sus queridos mu\u00f1ecos en una nueva edici\u00f3n del mercadillo de <strong>Playmarkt,<\/strong> que en esta ocasi\u00f3n rinde homenaje a Chiquito de la Calzada en su cartel anunciador, como pod\u00e9is ver.<\/p>\n<p><a href=\"https:\/\/static-blogs.diariosur.es\/wp-content\/uploads\/sites\/19\/2017\/12\/chiquito.png\"><img loading=\"lazy\" class=\"alignnone size-full wp-image-4463\" src=\"https:\/\/static-blogs.diariosur.es\/wp-content\/uploads\/sites\/19\/2017\/12\/chiquito.png\" alt=\"chiquito\" width=\"960\" height=\"480\" srcset=\"https:\/\/static-blogs.diariosur.es\/wp-content\/uploads\/sites\/19\/2017\/12\/chiquito.png 960w, https:\/\/static-blogs.diariosur.es\/wp-content\/uploads\/sites\/19\/2017\/12\/chiquito-300x150.png 300w, https:\/\/static-blogs.diariosur.es\/wp-content\/uploads\/sites\/19\/2017\/12\/chiquito-768x384.png 768w\" sizes=\"(max-width: 960px) 100vw, 960px\" \/><\/a><br \/>\nLa cita es de 10 a 21 horas en la planta baja de este edificio, con entrada gratuita, donde adem\u00e1s de poder adquirir piezas y accesorios de los &#8216;clics&#8217; se podr\u00e1n admirar dioramas con escenas diversas.<br \/>\nEl domingo habr\u00e1 una <strong>edici\u00f3n especial de La Plaza Merced Market,<\/strong> que se desarrollar\u00e1 de 11 a 19 horas con varios stands con moda, complementos, artesan\u00eda, reciclaje, jabones naturales, o productos gourmet, entre otras sorpresas.<br \/>\nEste domingo lelgar\u00e1 su fin el XI Mercado Navide\u00f1o de Fuengirola,\u00a0 que se ha venido celebrando en las \u00faltimas semanas en la plaza de la Constituci\u00f3n de esta localidad todos los d\u00edas de 10 a 22 horas.<\/p>\n<p><a href=\"https:\/\/static-blogs.diariosur.es\/wp-content\/uploads\/sites\/19\/2017\/12\/plaza.jpg\"><img loading=\"lazy\" class=\"alignnone size-full wp-image-4465\" src=\"https:\/\/static-blogs.diariosur.es\/wp-content\/uploads\/sites\/19\/2017\/12\/plaza.jpg\" alt=\"plaza\" width=\"960\" height=\"720\" srcset=\"https:\/\/static-blogs.diariosur.es\/wp-content\/uploads\/sites\/19\/2017\/12\/plaza.jpg 960w, https:\/\/static-blogs.diariosur.es\/wp-content\/uploads\/sites\/19\/2017\/12\/plaza-300x225.jpg 300w, https:\/\/static-blogs.diariosur.es\/wp-content\/uploads\/sites\/19\/2017\/12\/plaza-768x576.jpg 768w\" sizes=\"(max-width: 960px) 100vw, 960px\" \/><\/a><br \/>\nAdem\u00e1s, contin\u00faan abiertos el tradicional bazar navide\u00f1o en el Paseo del Parque de M\u00e1laga as\u00ed como la Plaza de Navidad de Muelle Uno, que se prolongar\u00e1n hasta el pr\u00f3ximo 7 de enero.<\/p>\n<p>Para completar, el domingo habr\u00e1 un <strong>mercado de quesos en Co\u00edn<\/strong> de 9 a 15 horas, que ofrecer\u00e1 catas, talleres y la visita a la queser\u00eda La Hortelana. En el mercado agroalimentario de Co\u00edn.<\/p>\n<p>\u00a1Buen fin de semana!<\/p>\n","protected":false},"excerpt":{"rendered":"<p>Si cada fin de semana hay diversas propuestas en M\u00e1laga para deleite de los fans de los mercadillos, la agenda de estos d\u00edas viene a tope, y adem\u00e1s con varias novedades. Sigue leyendo y ver\u00e1s que\u00a0 no exageramos. Por un lado, el festival de dise\u00f1o de M\u00e1laga Terral Market celebra una edici\u00f3n especial este viernes [&hellip;]<\/p>\n","protected":false},"author":24,"featured_media":0,"comment_status":"open","ping_status":"open","sticky":false,"template":"","format":"standard","meta":[],"categories":[4,5,6],"tags":[4123,3994,2376,4121,4122,4120,3570],"_links":{"self":[{"href":"https:\/\/blogs.diariosur.es\/-que-le-compro-\/wp-json\/wp\/v2\/posts\/4460"}],"collection":[{"href":"https:\/\/blogs.diariosur.es\/-que-le-compro-\/wp-json\/wp\/v2\/posts"}],"about":[{"href":"https:\/\/blogs.diariosur.es\/-que-le-compro-\/wp-json\/wp\/v2\/types\/post"}],"author":[{"embeddable":true,"href":"https:\/\/blogs.diariosur.es\/-que-le-compro-\/wp-json\/wp\/v2\/users\/24"}],"replies":[{"embeddable":true,"href":"https:\/\/blogs.diariosur.es\/-que-le-compro-\/wp-json\/wp\/v2\/comments?post=4460"}],"version-history":[{"count":5,"href":"https:\/\/blogs.diariosur.es\/-que-le-compro-\/wp-json\/wp\/v2\/posts\/4460\/revisions"}],"predecessor-version":[{"id":4469,"href":"https:\/\/blogs.diariosur.es\/-que-le-compro-\/wp-json\/wp\/v2\/posts\/4460\/revisions\/4469"}],"wp:attachment":[{"href":"https:\/\/blogs.diariosur.es\/-que-le-compro-\/wp-json\/wp\/v2\/media?parent=4460"}],"wp:term":[{"taxonomy":"category","embeddable":true,"href":"https:\/\/blogs.diariosur.es\/-que-le-compro-\/wp-json\/wp\/v2\/categories?post=4460"},{"taxonomy":"post_tag","embeddable":true,"href":"https:\/\/blogs.diariosur.es\/-que-le-compro-\/wp-json\/wp\/v2\/tags?post=4460"}],"curies":[{"name":"wp","href":"https:\/\/api.w.org\/{rel}","templated":true}]}}