{"id":4470,"date":"2017-12-20T19:11:11","date_gmt":"2017-12-20T18:11:11","guid":{"rendered":"http:\/\/blogs.diariosur.es\/-que-le-compro-\/?p=4470"},"modified":"2017-12-21T17:03:21","modified_gmt":"2017-12-21T16:03:21","slug":"labrechamalaga-mercadillos-navidad","status":"publish","type":"post","link":"https:\/\/blogs.diariosur.es\/-que-le-compro-\/2017\/12\/20\/labrechamalaga-mercadillos-navidad\/","title":{"rendered":"La Brecha M\u00e1laga, nuevo mercadillo este s\u00e1bado navide\u00f1o"},"content":{"rendered":"<p>Se acerca el fin de semana, un poco m\u00e1s largo de lo habitual por ser el lunes el d\u00eda de Navidad, y la agenda de mercadillos se mantiene en M\u00e1laga.<\/p>\n<p>Para empezar, el viernes, como es habitual, habr\u00e1<strong> pop up en La Temporal<\/strong> (en la calle Bolsa 3, 1\u00ba2) y en su horario habitual, de 12 a 21 horas.<\/p>\n<p>En la provincia, contin\u00faa hasta el 5 de enero en<strong> C\u00e1rtama \u2018La Ciudad de los Sue\u00f1os\u2019<\/strong>, una iniciativa que transformar\u00e1 la Ciudad Deportiva con variados eventos entre los que no faltar\u00e1, por supuesto, un\u00a0mercadillo de Navidad.<\/p>\n<div id=\"attachment_4472\" style=\"width: 910px\" class=\"wp-caption alignnone\"><a href=\"https:\/\/static-blogs.diariosur.es\/wp-content\/uploads\/sites\/19\/2017\/12\/mercadillonavidad.jpg\"><img aria-describedby=\"caption-attachment-4472\" loading=\"lazy\" class=\"size-full wp-image-4472\" src=\"https:\/\/static-blogs.diariosur.es\/wp-content\/uploads\/sites\/19\/2017\/12\/mercadillonavidad.jpg\" alt=\"Mercadillo navide\u00f1o diario en Muelle Uno\" width=\"900\" height=\"505\" srcset=\"https:\/\/static-blogs.diariosur.es\/wp-content\/uploads\/sites\/19\/2017\/12\/mercadillonavidad.jpg 900w, https:\/\/static-blogs.diariosur.es\/wp-content\/uploads\/sites\/19\/2017\/12\/mercadillonavidad-300x168.jpg 300w, https:\/\/static-blogs.diariosur.es\/wp-content\/uploads\/sites\/19\/2017\/12\/mercadillonavidad-768x431.jpg 768w\" sizes=\"(max-width: 900px) 100vw, 900px\" \/><\/a><p id=\"caption-attachment-4472\" class=\"wp-caption-text\">Mercadillo navide\u00f1o diario en Muelle Uno<\/p><\/div>\n<p>&nbsp;<\/p>\n<p>Tambi\u00e9n diariamente hasta despu\u00e9s de Reyes se pueden disfrutar como sab\u00e9is de dos mercadillos en la capital:\u00a0 el <strong>tradicional bazar navide\u00f1o en el Paseo del Parque y la Plaza de Navidad de Muelle Uno. <\/strong>A ellos se une el que se celebra hasta el 3 de enero en la <strong>Avenida Palma de Mallorca de Torremolinos<\/strong> de 10 a 14 y de 16.30 a 21 horas.<strong><br \/>\n<\/strong><\/p>\n<p>Y el s\u00e1bado 23 podremos disfrutar de una novedad, organizada por <strong>Prom\u00e1laga y Labrecham\u00e1laga<\/strong>, tambi\u00e9n en el Centro de M\u00e1laga. Concretamente en la plaza Eugenio Chicano, donde de 12 a 20 horas se celebrar\u00e1 un craft market (mercado de artesan\u00eda) donde se podr\u00e1n visitar diversos puestos de artesanos con toque navide\u00f1os.<\/p>\n<p><a href=\"https:\/\/static-blogs.diariosur.es\/wp-content\/uploads\/sites\/19\/2017\/12\/brecha.jpg\"><img loading=\"lazy\" class=\"alignnone size-full wp-image-4471\" src=\"https:\/\/static-blogs.diariosur.es\/wp-content\/uploads\/sites\/19\/2017\/12\/brecha.jpg\" alt=\"brecha\" width=\"960\" height=\"678\" srcset=\"https:\/\/static-blogs.diariosur.es\/wp-content\/uploads\/sites\/19\/2017\/12\/brecha.jpg 960w, https:\/\/static-blogs.diariosur.es\/wp-content\/uploads\/sites\/19\/2017\/12\/brecha-300x212.jpg 300w, https:\/\/static-blogs.diariosur.es\/wp-content\/uploads\/sites\/19\/2017\/12\/brecha-768x542.jpg 768w\" sizes=\"(max-width: 960px) 100vw, 960px\" \/><\/a><\/p>\n<p>Tambi\u00e9n este d\u00eda habr\u00e1 una edici\u00f3n especial de Zoco de Muelle Uno, que podr\u00e1 visitarse de 11 a 19 horas.<\/p>\n<p>Y para completar, el domingo abrir\u00e1n las tiendas aunque de manera algo especial por ser Nochebuena. <a href=\"http:\/\/www.diariosur.es\/malaga-capital\/abren-tiendas-navidad-20171220193421-nt.html\" rel=\"external nofollow\">Si quieres saber cu\u00e1ndo y c\u00f3mo abren, pincha aqu\u00ed.<\/a><\/p>\n<p>\u00a1Buen fin de semana y felices fiestas!<\/p>\n","protected":false},"excerpt":{"rendered":"<p>Se acerca el fin de semana, un poco m\u00e1s largo de lo habitual por ser el lunes el d\u00eda de Navidad, y la agenda de mercadillos se mantiene en M\u00e1laga. Para empezar, el viernes, como es habitual, habr\u00e1 pop up en La Temporal (en la calle Bolsa 3, 1\u00ba2) y en su horario habitual, de [&hellip;]<\/p>\n","protected":false},"author":24,"featured_media":0,"comment_status":"open","ping_status":"open","sticky":false,"template":"","format":"standard","meta":[],"categories":[4,6,7],"tags":[4124,4127,4125,2345,2376,4126],"_links":{"self":[{"href":"https:\/\/blogs.diariosur.es\/-que-le-compro-\/wp-json\/wp\/v2\/posts\/4470"}],"collection":[{"href":"https:\/\/blogs.diariosur.es\/-que-le-compro-\/wp-json\/wp\/v2\/posts"}],"about":[{"href":"https:\/\/blogs.diariosur.es\/-que-le-compro-\/wp-json\/wp\/v2\/types\/post"}],"author":[{"embeddable":true,"href":"https:\/\/blogs.diariosur.es\/-que-le-compro-\/wp-json\/wp\/v2\/users\/24"}],"replies":[{"embeddable":true,"href":"https:\/\/blogs.diariosur.es\/-que-le-compro-\/wp-json\/wp\/v2\/comments?post=4470"}],"version-history":[{"count":5,"href":"https:\/\/blogs.diariosur.es\/-que-le-compro-\/wp-json\/wp\/v2\/posts\/4470\/revisions"}],"predecessor-version":[{"id":4478,"href":"https:\/\/blogs.diariosur.es\/-que-le-compro-\/wp-json\/wp\/v2\/posts\/4470\/revisions\/4478"}],"wp:attachment":[{"href":"https:\/\/blogs.diariosur.es\/-que-le-compro-\/wp-json\/wp\/v2\/media?parent=4470"}],"wp:term":[{"taxonomy":"category","embeddable":true,"href":"https:\/\/blogs.diariosur.es\/-que-le-compro-\/wp-json\/wp\/v2\/categories?post=4470"},{"taxonomy":"post_tag","embeddable":true,"href":"https:\/\/blogs.diariosur.es\/-que-le-compro-\/wp-json\/wp\/v2\/tags?post=4470"}],"curies":[{"name":"wp","href":"https:\/\/api.w.org\/{rel}","templated":true}]}}