{"id":4479,"date":"2017-12-27T20:38:41","date_gmt":"2017-12-27T19:38:41","guid":{"rendered":"http:\/\/blogs.diariosur.es\/-que-le-compro-\/?p=4479"},"modified":"2017-12-27T20:38:41","modified_gmt":"2017-12-27T19:38:41","slug":"mercadillos-final-ano-malaga","status":"publish","type":"post","link":"https:\/\/blogs.diariosur.es\/-que-le-compro-\/2017\/12\/27\/mercadillos-final-ano-malaga\/","title":{"rendered":"\u00daltimos mercadillos de 2017 en M\u00e1laga"},"content":{"rendered":"<p>Despu\u00e9s de la avalancha de las \u00faltimas semanas, la agenda de mercadillos del \u00faltimo fin de semana del a\u00f1o es, l\u00f3gicamente, m\u00e1s reducida. Pero, como siempre, ofrece cosas intersantes para curiosear.<\/p>\n<p>Este viernes por ejemplo, en La Temporal Calle Bolsa, 3- 1\u00ba 2, (en pleno Centro de M\u00e1laga) en su habitual pop up contar\u00e1n con <strong>Tuca Rom\u00e1n<\/strong>, que mostrar\u00e1 un avance de su colecci\u00f3n novia 2018 en la que se podr\u00e1 ver su joyer\u00eda exclusiva de Novias: Diademas y peinas as\u00ed como complementos para invitadas y sus zapatos a medida.<br \/>\nAdem\u00e1s, ya sab\u00e9is que en el <strong>Paseo del Parque<\/strong> contin\u00faa el tradicional mercado navide\u00f1o de todos los a\u00f1os, mientras que en <strong>Muelle Uno<\/strong> tambi\u00e9n sigue su Plaza de la Navidad con diversos stands todos los d\u00edas hasta el pr\u00f3ximo 7 de enero.<\/p>\n<div id=\"attachment_4480\" style=\"width: 1034px\" class=\"wp-caption alignnone\"><a href=\"https:\/\/static-blogs.diariosur.es\/wp-content\/uploads\/sites\/19\/2017\/12\/torremolinos-mercado.jpeg\"><img aria-describedby=\"caption-attachment-4480\" loading=\"lazy\" class=\"size-large wp-image-4480\" src=\"https:\/\/static-blogs.diariosur.es\/wp-content\/uploads\/sites\/19\/2017\/12\/torremolinos-mercado-1024x684.jpeg\" alt=\"Mercado navide\u00f1o en Torremolinos hasta el 3 de enero\" width=\"1024\" height=\"684\" srcset=\"https:\/\/static-blogs.diariosur.es\/wp-content\/uploads\/sites\/19\/2017\/12\/torremolinos-mercado.jpeg 1024w, https:\/\/static-blogs.diariosur.es\/wp-content\/uploads\/sites\/19\/2017\/12\/torremolinos-mercado-300x200.jpeg 300w, https:\/\/static-blogs.diariosur.es\/wp-content\/uploads\/sites\/19\/2017\/12\/torremolinos-mercado-768x513.jpeg 768w\" sizes=\"(max-width: 1024px) 100vw, 1024px\" \/><\/a><p id=\"caption-attachment-4480\" class=\"wp-caption-text\">Mercado navide\u00f1o en Torremolinos hasta el 3 de enero<\/p><\/div>\n<p>Y en la provincia, tambi\u00e9n hay un mercado navie\u00f1o en la\u00a0<strong>Avenida Palma de Mallorca de Torremolinos\u00a0<\/strong>de 10 a 14 y de 16.30 a 21 horas hasta el 3 de enero y otro en <strong>C\u00e1rtama<\/strong> hasta el d\u00eda 5 dentro de las actividades programadas en \u2018La Ciudad de los Sue\u00f1os\u2019, que se celebra en la Ciudad Deportiva.<\/p>\n<p>\u00a1Feliz a\u00f1o nuevo!<\/p>\n<p>&nbsp;<\/p>\n","protected":false},"excerpt":{"rendered":"<p>Despu\u00e9s de la avalancha de las \u00faltimas semanas, la agenda de mercadillos del \u00faltimo fin de semana del a\u00f1o es, l\u00f3gicamente, m\u00e1s reducida. Pero, como siempre, ofrece cosas intersantes para curiosear. Este viernes por ejemplo, en La Temporal Calle Bolsa, 3- 1\u00ba 2, (en pleno Centro de M\u00e1laga) en su habitual pop up contar\u00e1n con [&hellip;]<\/p>\n","protected":false},"author":24,"featured_media":0,"comment_status":"open","ping_status":"open","sticky":false,"template":"","format":"standard","meta":[],"categories":[3,4,5],"tags":[4130,1915,2346,4128,4131,4129],"_links":{"self":[{"href":"https:\/\/blogs.diariosur.es\/-que-le-compro-\/wp-json\/wp\/v2\/posts\/4479"}],"collection":[{"href":"https:\/\/blogs.diariosur.es\/-que-le-compro-\/wp-json\/wp\/v2\/posts"}],"about":[{"href":"https:\/\/blogs.diariosur.es\/-que-le-compro-\/wp-json\/wp\/v2\/types\/post"}],"author":[{"embeddable":true,"href":"https:\/\/blogs.diariosur.es\/-que-le-compro-\/wp-json\/wp\/v2\/users\/24"}],"replies":[{"embeddable":true,"href":"https:\/\/blogs.diariosur.es\/-que-le-compro-\/wp-json\/wp\/v2\/comments?post=4479"}],"version-history":[{"count":1,"href":"https:\/\/blogs.diariosur.es\/-que-le-compro-\/wp-json\/wp\/v2\/posts\/4479\/revisions"}],"predecessor-version":[{"id":4481,"href":"https:\/\/blogs.diariosur.es\/-que-le-compro-\/wp-json\/wp\/v2\/posts\/4479\/revisions\/4481"}],"wp:attachment":[{"href":"https:\/\/blogs.diariosur.es\/-que-le-compro-\/wp-json\/wp\/v2\/media?parent=4479"}],"wp:term":[{"taxonomy":"category","embeddable":true,"href":"https:\/\/blogs.diariosur.es\/-que-le-compro-\/wp-json\/wp\/v2\/categories?post=4479"},{"taxonomy":"post_tag","embeddable":true,"href":"https:\/\/blogs.diariosur.es\/-que-le-compro-\/wp-json\/wp\/v2\/tags?post=4479"}],"curies":[{"name":"wp","href":"https:\/\/api.w.org\/{rel}","templated":true}]}}