{"id":4483,"date":"2018-01-11T19:56:28","date_gmt":"2018-01-11T18:56:28","guid":{"rendered":"http:\/\/blogs.diariosur.es\/-que-le-compro-\/?p=4483"},"modified":"2018-01-11T22:43:10","modified_gmt":"2018-01-11T21:43:10","slug":"mercadillos-malaga-enero-primeros","status":"publish","type":"post","link":"https:\/\/blogs.diariosur.es\/-que-le-compro-\/2018\/01\/11\/mercadillos-malaga-enero-primeros\/","title":{"rendered":"El mercado artesanal de Torremolinos estrena ubicaci\u00f3n"},"content":{"rendered":"<p>\u00a1Feliz a\u00f1o nuevo! Despu\u00e9s de la locura de las compras navide\u00f1as, la agenda de mercadillos de M\u00e1laga retoma su ritmo habitual, con menor n\u00famero de citas pero, como siempre, muy atractivas.<\/p>\n<p><a href=\"https:\/\/static-blogs.diariosur.es\/wp-content\/uploads\/sites\/19\/2018\/01\/mercado-torremolinos.jpg\"><img loading=\"lazy\" class=\"alignnone size-large wp-image-4484\" src=\"https:\/\/static-blogs.diariosur.es\/wp-content\/uploads\/sites\/19\/2018\/01\/mercado-torremolinos-725x1024.jpg\" alt=\"mercado-torremolinos\" width=\"725\" height=\"1024\" srcset=\"https:\/\/static-blogs.diariosur.es\/wp-content\/uploads\/sites\/19\/2018\/01\/mercado-torremolinos-725x1024.jpg 725w, https:\/\/static-blogs.diariosur.es\/wp-content\/uploads\/sites\/19\/2018\/01\/mercado-torremolinos-212x300.jpg 212w, https:\/\/static-blogs.diariosur.es\/wp-content\/uploads\/sites\/19\/2018\/01\/mercado-torremolinos-768x1085.jpg 768w, https:\/\/static-blogs.diariosur.es\/wp-content\/uploads\/sites\/19\/2018\/01\/mercado-torremolinos.jpg 1123w\" sizes=\"(max-width: 725px) 100vw, 725px\" \/><\/a><\/p>\n<p>Por un lado, el mercado artesanal Atenea de <strong>Torremolinos<\/strong> vuelve este viernes a la plaza de la Uni\u00f3n Europea, donde se instalar\u00e1 de 10 a 18 horas tanto el d\u00eda 12 como el 13. Este mercadillo, que ha ido cambiando de ubicaci\u00f3n en los \u00faltimos meses,\u00a0 exhibe art\u00edculos trabajados en distintos materiales como lana, madera, cer\u00e1mica, forja, cuero, piedra o telas, entre otros. Y en adelante se celebrar\u00e1 todos los viernes y s\u00e1bados en ese horario.<\/p>\n<p>Por su parte, <strong>La Temporal<\/strong> (calle Bolsa,3 1\u00ba &#8211; 2, en el Centro de M\u00e1laga) acoge la presentaci\u00f3n de lo nuevo de la firma Almatrichi desde este viernes hasta el domingo. Para asistir es necesario reservar cita previa en el correo electr\u00f3nico<a href=\"mailto:info@almatrichi.com\"> info@almatrichi.com<\/a><\/p>\n<p>Y el domingo habr\u00e1 <strong>Zoco en Muelle Uno<\/strong>, que podr\u00e1 visitarse de 11 a 19 horas. \u00a1Buen fin de semana!<\/p>\n","protected":false},"excerpt":{"rendered":"<p>\u00a1Feliz a\u00f1o nuevo! Despu\u00e9s de la locura de las compras navide\u00f1as, la agenda de mercadillos de M\u00e1laga retoma su ritmo habitual, con menor n\u00famero de citas pero, como siempre, muy atractivas. Por un lado, el mercado artesanal Atenea de Torremolinos vuelve este viernes a la plaza de la Uni\u00f3n Europea, donde se instalar\u00e1 de 10 [&hellip;]<\/p>\n","protected":false},"author":24,"featured_media":0,"comment_status":"open","ping_status":"open","sticky":false,"template":"","format":"standard","meta":[],"categories":[3,4],"tags":[4133,1914,4132,3968],"_links":{"self":[{"href":"https:\/\/blogs.diariosur.es\/-que-le-compro-\/wp-json\/wp\/v2\/posts\/4483"}],"collection":[{"href":"https:\/\/blogs.diariosur.es\/-que-le-compro-\/wp-json\/wp\/v2\/posts"}],"about":[{"href":"https:\/\/blogs.diariosur.es\/-que-le-compro-\/wp-json\/wp\/v2\/types\/post"}],"author":[{"embeddable":true,"href":"https:\/\/blogs.diariosur.es\/-que-le-compro-\/wp-json\/wp\/v2\/users\/24"}],"replies":[{"embeddable":true,"href":"https:\/\/blogs.diariosur.es\/-que-le-compro-\/wp-json\/wp\/v2\/comments?post=4483"}],"version-history":[{"count":2,"href":"https:\/\/blogs.diariosur.es\/-que-le-compro-\/wp-json\/wp\/v2\/posts\/4483\/revisions"}],"predecessor-version":[{"id":4487,"href":"https:\/\/blogs.diariosur.es\/-que-le-compro-\/wp-json\/wp\/v2\/posts\/4483\/revisions\/4487"}],"wp:attachment":[{"href":"https:\/\/blogs.diariosur.es\/-que-le-compro-\/wp-json\/wp\/v2\/media?parent=4483"}],"wp:term":[{"taxonomy":"category","embeddable":true,"href":"https:\/\/blogs.diariosur.es\/-que-le-compro-\/wp-json\/wp\/v2\/categories?post=4483"},{"taxonomy":"post_tag","embeddable":true,"href":"https:\/\/blogs.diariosur.es\/-que-le-compro-\/wp-json\/wp\/v2\/tags?post=4483"}],"curies":[{"name":"wp","href":"https:\/\/api.w.org\/{rel}","templated":true}]}}