{"id":4488,"date":"2018-01-16T12:07:52","date_gmt":"2018-01-16T11:07:52","guid":{"rendered":"http:\/\/blogs.diariosur.es\/-que-le-compro-\/?p=4488"},"modified":"2018-01-16T12:07:52","modified_gmt":"2018-01-16T11:07:52","slug":"asociacion-comerciantes-palmilla","status":"publish","type":"post","link":"https:\/\/blogs.diariosur.es\/-que-le-compro-\/2018\/01\/16\/asociacion-comerciantes-palmilla\/","title":{"rendered":"Nace la asociaci\u00f3n de comerciantes y empresarios de Palma-Palmilla"},"content":{"rendered":"<p>Ya que la actualidad del comercio de M\u00e1laga copa buena parte de este blog, toca empezar la semana con una buena noticia: la puesta en marcha de la Asociaci\u00f3n de comerciantes de Palma Palmilla.<\/p>\n<p>La idea surge tras un primer intento en 2015, por parte de varios comercios de la zona de Nueva Virreina de asociarse. Finalmente, se constituy\u00f3 en noviembre del pasado a\u00f1o, seg\u00fan ha informado el Ayuntamiento en un comunicado, y desde el inicio este colectivo ha mantenido contactos y reuniones con los responsables municipales para trasladarles sus objetivos, los fines y poner en marcha una l\u00ednea de colaboraci\u00f3n con el Consistorio.<\/p>\n<p>La asociaci\u00f3n est\u00e1 actualmente compuesta por 24 empresas y comercios de la zona, que incluye distintos tipos de locales como especialistas en hosteler\u00eda y muebles de cocina, panader\u00edas, ferreter\u00edas o supermecados.<\/p>\n<p>Las primeras iniciativas que se han programado desde esta Asociaci\u00f3n para dar a conocer su funcionamiento y trabajo son el desarrollo de acciones did\u00e1cticas para fomentar el peque\u00f1o comercio, la celebraci\u00f3n de una comida ben\u00e9fica para promocionar los establecimientos del distrito, as\u00ed como realizar actividades en fechas especiales como el Carnaval y la Navidad, entre otras.<\/p>\n<p>\u00a1Suerte!<\/p>\n<div id=\"attachment_4489\" style=\"width: 810px\" class=\"wp-caption alignnone\"><a href=\"https:\/\/static-blogs.diariosur.es\/wp-content\/uploads\/sites\/19\/2018\/01\/Palmilla.jpg\"><img aria-describedby=\"caption-attachment-4489\" loading=\"lazy\" class=\"size-full wp-image-4489\" src=\"https:\/\/static-blogs.diariosur.es\/wp-content\/uploads\/sites\/19\/2018\/01\/Palmilla.jpg\" alt=\"asociaci\u00f3n en el Ayuntamiento\" width=\"800\" height=\"541\" srcset=\"https:\/\/static-blogs.diariosur.es\/wp-content\/uploads\/sites\/19\/2018\/01\/Palmilla.jpg 800w, https:\/\/static-blogs.diariosur.es\/wp-content\/uploads\/sites\/19\/2018\/01\/Palmilla-300x203.jpg 300w, https:\/\/static-blogs.diariosur.es\/wp-content\/uploads\/sites\/19\/2018\/01\/Palmilla-768x519.jpg 768w\" sizes=\"(max-width: 800px) 100vw, 800px\" \/><\/a><p id=\"caption-attachment-4489\" class=\"wp-caption-text\">Presentaci\u00f3n de la asociaci\u00f3n en el Ayuntamiento<\/p><\/div>\n<p>&nbsp;<\/p>\n","protected":false},"excerpt":{"rendered":"<p>Ya que la actualidad del comercio de M\u00e1laga copa buena parte de este blog, toca empezar la semana con una buena noticia: la puesta en marcha de la Asociaci\u00f3n de comerciantes de Palma Palmilla. La idea surge tras un primer intento en 2015, por parte de varios comercios de la zona de Nueva Virreina de [&hellip;]<\/p>\n","protected":false},"author":24,"featured_media":0,"comment_status":"open","ping_status":"open","sticky":false,"template":"","format":"standard","meta":[],"categories":[7],"tags":[4134,4136,4135,1896],"_links":{"self":[{"href":"https:\/\/blogs.diariosur.es\/-que-le-compro-\/wp-json\/wp\/v2\/posts\/4488"}],"collection":[{"href":"https:\/\/blogs.diariosur.es\/-que-le-compro-\/wp-json\/wp\/v2\/posts"}],"about":[{"href":"https:\/\/blogs.diariosur.es\/-que-le-compro-\/wp-json\/wp\/v2\/types\/post"}],"author":[{"embeddable":true,"href":"https:\/\/blogs.diariosur.es\/-que-le-compro-\/wp-json\/wp\/v2\/users\/24"}],"replies":[{"embeddable":true,"href":"https:\/\/blogs.diariosur.es\/-que-le-compro-\/wp-json\/wp\/v2\/comments?post=4488"}],"version-history":[{"count":1,"href":"https:\/\/blogs.diariosur.es\/-que-le-compro-\/wp-json\/wp\/v2\/posts\/4488\/revisions"}],"predecessor-version":[{"id":4490,"href":"https:\/\/blogs.diariosur.es\/-que-le-compro-\/wp-json\/wp\/v2\/posts\/4488\/revisions\/4490"}],"wp:attachment":[{"href":"https:\/\/blogs.diariosur.es\/-que-le-compro-\/wp-json\/wp\/v2\/media?parent=4488"}],"wp:term":[{"taxonomy":"category","embeddable":true,"href":"https:\/\/blogs.diariosur.es\/-que-le-compro-\/wp-json\/wp\/v2\/categories?post=4488"},{"taxonomy":"post_tag","embeddable":true,"href":"https:\/\/blogs.diariosur.es\/-que-le-compro-\/wp-json\/wp\/v2\/tags?post=4488"}],"curies":[{"name":"wp","href":"https:\/\/api.w.org\/{rel}","templated":true}]}}