{"id":4492,"date":"2018-01-17T16:59:42","date_gmt":"2018-01-17T15:59:42","guid":{"rendered":"http:\/\/blogs.diariosur.es\/-que-le-compro-\/?p=4492"},"modified":"2018-01-17T18:03:28","modified_gmt":"2018-01-17T17:03:28","slug":"rastro-termica-aniversario","status":"publish","type":"post","link":"https:\/\/blogs.diariosur.es\/-que-le-compro-\/2018\/01\/17\/rastro-termica-aniversario\/","title":{"rendered":"Edici\u00f3n especial del Rastro de La T\u00e9rmica"},"content":{"rendered":"<p>Las rebajas contin\u00faan, pero a la hora de ir de compras conviene hacer un hueco a los mercadillos artesanales de M\u00e1laga, que siempre ofrecen cosas interesantes. En esta ocasi\u00f3n, la agenda es m\u00e1s reducida que otras veces, pero igualmente atractiva.<\/p>\n<p>Por un lado, este viernes se celebra una <strong>edici\u00f3n especial del Rastro Cultural Nocturno<\/strong> de La T\u00e9rmica por celebrarse el quinto aniversario de esta entidad. El horario ser\u00e1 de 17 a 00 horas y se podr\u00e1n ver los trabajos de una<strong> selecci\u00f3n de diez de los participantes m\u00e1s destacados<\/strong>, que ser\u00e1n: Estudioextramuros (estudio de arquitectura que desarrolla ilustraciones partiendo de edificios de arquitectos consagrados como Oscar Niemeyer o Frank Gehry),\u00a0 La Bujardilla (dise\u00f1o de mobiliario y decoraci\u00f3n de inspiraci\u00f3n n\u00f3rdica que siempre usa maderas recicladas en sus creaciones),\u00a0 Ovni Bizarro (libros y c\u00f3mics, entre otros),\u00a0 Delicatdressen (moda vintage con grandes firmas), Anal\u00f3gicas (c\u00e1maras fotogr\u00e1ficas anal\u00f3gicas),\u00a0 F\u00e1tima Gondare (colecci\u00f3n de bisuter\u00eda y antig\u00fcedades realizadas en madera y plata),\u00a0 T\u00e1bano Vintage (antig\u00fcedades y coleccionismo), Genoveva Peralta (ropa vintage y antig\u00fcedades) y\u00a0 Paco Ag\u00fcera (colecci\u00f3n de vinilos).<br \/>\nLa entrada es gratis, como siempre.<\/p>\n<p><a href=\"https:\/\/static-blogs.diariosur.es\/wp-content\/uploads\/sites\/19\/2018\/01\/rastro-cultural-nocturno.jpg\"><img loading=\"lazy\" class=\"alignnone size-large wp-image-4494\" src=\"https:\/\/static-blogs.diariosur.es\/wp-content\/uploads\/sites\/19\/2018\/01\/rastro-cultural-nocturno-1024x683.jpg\" alt=\"rastro-cultural-nocturno\" width=\"1024\" height=\"683\" srcset=\"https:\/\/static-blogs.diariosur.es\/wp-content\/uploads\/sites\/19\/2018\/01\/rastro-cultural-nocturno-1024x683.jpg 1024w, https:\/\/static-blogs.diariosur.es\/wp-content\/uploads\/sites\/19\/2018\/01\/rastro-cultural-nocturno-300x200.jpg 300w, https:\/\/static-blogs.diariosur.es\/wp-content\/uploads\/sites\/19\/2018\/01\/rastro-cultural-nocturno-768x512.jpg 768w, https:\/\/static-blogs.diariosur.es\/wp-content\/uploads\/sites\/19\/2018\/01\/rastro-cultural-nocturno.jpg 1728w\" sizes=\"(max-width: 1024px) 100vw, 1024px\" \/><\/a><\/p>\n<p>Adem\u00e1s, tambi\u00e9n el viernes y el s\u00e1bado en <strong>Torremolinos<\/strong> se celebrar\u00e1 el mercado artesanal de Atenea, que toma la plaza de la Uni\u00f3n Europea de 10 a 18 horas ambos d\u00edas. All\u00ed se exhibir\u00e1n art\u00edculos trabajados en distintos materiales como lana, madera, cer\u00e1mica, forja, cuero, piedra o telas, entre otros.<\/p>\n<p>Adem\u00e1s, el domingo habr\u00e1 zoco en Muelle Uno de 11 a 18 horas, ya que la semana pasada tuvo que suspenderse por la lluvia.<\/p>\n<p>\u00a1Buen fin de semana!<\/p>\n","protected":false},"excerpt":{"rendered":"<p>Las rebajas contin\u00faan, pero a la hora de ir de compras conviene hacer un hueco a los mercadillos artesanales de M\u00e1laga, que siempre ofrecen cosas interesantes. En esta ocasi\u00f3n, la agenda es m\u00e1s reducida que otras veces, pero igualmente atractiva. Por un lado, este viernes se celebra una edici\u00f3n especial del Rastro Cultural Nocturno de [&hellip;]<\/p>\n","protected":false},"author":24,"featured_media":0,"comment_status":"open","ping_status":"open","sticky":false,"template":"","format":"standard","meta":[],"categories":[3,4,6],"tags":[4138,4139,1916,1918,4132,4137],"_links":{"self":[{"href":"https:\/\/blogs.diariosur.es\/-que-le-compro-\/wp-json\/wp\/v2\/posts\/4492"}],"collection":[{"href":"https:\/\/blogs.diariosur.es\/-que-le-compro-\/wp-json\/wp\/v2\/posts"}],"about":[{"href":"https:\/\/blogs.diariosur.es\/-que-le-compro-\/wp-json\/wp\/v2\/types\/post"}],"author":[{"embeddable":true,"href":"https:\/\/blogs.diariosur.es\/-que-le-compro-\/wp-json\/wp\/v2\/users\/24"}],"replies":[{"embeddable":true,"href":"https:\/\/blogs.diariosur.es\/-que-le-compro-\/wp-json\/wp\/v2\/comments?post=4492"}],"version-history":[{"count":3,"href":"https:\/\/blogs.diariosur.es\/-que-le-compro-\/wp-json\/wp\/v2\/posts\/4492\/revisions"}],"predecessor-version":[{"id":4496,"href":"https:\/\/blogs.diariosur.es\/-que-le-compro-\/wp-json\/wp\/v2\/posts\/4492\/revisions\/4496"}],"wp:attachment":[{"href":"https:\/\/blogs.diariosur.es\/-que-le-compro-\/wp-json\/wp\/v2\/media?parent=4492"}],"wp:term":[{"taxonomy":"category","embeddable":true,"href":"https:\/\/blogs.diariosur.es\/-que-le-compro-\/wp-json\/wp\/v2\/categories?post=4492"},{"taxonomy":"post_tag","embeddable":true,"href":"https:\/\/blogs.diariosur.es\/-que-le-compro-\/wp-json\/wp\/v2\/tags?post=4492"}],"curies":[{"name":"wp","href":"https:\/\/api.w.org\/{rel}","templated":true}]}}