{"id":4498,"date":"2018-01-25T16:39:13","date_gmt":"2018-01-25T15:39:13","guid":{"rendered":"http:\/\/blogs.diariosur.es\/-que-le-compro-\/?p=4498"},"modified":"2018-02-01T01:46:37","modified_gmt":"2018-02-01T00:46:37","slug":"mercadillo-ecologico-malaga-artesania","status":"publish","type":"post","link":"https:\/\/blogs.diariosur.es\/-que-le-compro-\/2018\/01\/25\/mercadillo-ecologico-malaga-artesania\/","title":{"rendered":"Pop up de bodas y m\u00e1s en los mercadillos del finde"},"content":{"rendered":"<p>\u00a1Por fin jueves! Y fieles a la tradici\u00f3n una semana m\u00e1s os contamos qu\u00e9 citas con la artesan\u00eda local podemos disfrutar este &#8216;finde&#8217; en M\u00e1laga.<\/p>\n<p>Para empezar, en <strong>La Temporal<\/strong> organizan este viernes y el s\u00e1bado una pop up centrada en bodas, as\u00ed que si ten\u00e9is previsto casaros esta propuestas os puede venir m\u00e1s que bien. Ser\u00e1 el viernes y el s\u00e1bado de 12 a 21 horas y contar\u00e1 con la participaci\u00f3n del fot\u00f3grafo F\u00e9lix Faura, los v\u00eddeos de Marina Dorta, los peinados de Martina Dorta, Kimonos de novia con sus delicadas prendas y Lebrel con sus trajes para novios. La entrada es libre y os recuerdo que est\u00e1n en pleno Centro de M\u00e1laga, en la calle Bolsa 3, 1\u00ba2.<br \/>\nAdem\u00e1s, el viernes y el s\u00e1bado <strong>Torremolinos<\/strong> acoge el mercado artesanal de Atenea, que toma la plaza de la Uni\u00f3n Europea de 10 a 18 horas ambos d\u00edas. All\u00ed se exhiben art\u00edculos trabajados en distintos materiales como lana, madera, cer\u00e1mica, forja, cuero, piedra o telas, entre otros.<\/p>\n<p>El s\u00e1bado por la ma\u00f1ana los amantes de los productos saludables tienen una cita en el Parque Huelin, donde los productores congregados por la asociaci\u00f3n <strong>Guadalhorce Ecol\u00f3gico<\/strong> llevar\u00e1n sus productos. De 10 a 14 horas, junto al lago. Esta cita se trasladar\u00e1 el domingo a La Cala de Mijas, concretamente al bulevar junto a la Tenencia de Alcald\u00eda, en el mismo horario.<\/p>\n<p><a href=\"https:\/\/static-blogs.diariosur.es\/wp-content\/uploads\/sites\/19\/2018\/01\/malagueta.jpg\"><img loading=\"lazy\" class=\"alignnone size-full wp-image-4500\" src=\"https:\/\/static-blogs.diariosur.es\/wp-content\/uploads\/sites\/19\/2018\/01\/malagueta.jpg\" alt=\"malagueta\" width=\"775\" height=\"767\" srcset=\"https:\/\/static-blogs.diariosur.es\/wp-content\/uploads\/sites\/19\/2018\/01\/malagueta.jpg 775w, https:\/\/static-blogs.diariosur.es\/wp-content\/uploads\/sites\/19\/2018\/01\/malagueta-300x297.jpg 300w, https:\/\/static-blogs.diariosur.es\/wp-content\/uploads\/sites\/19\/2018\/01\/malagueta-768x760.jpg 768w\" sizes=\"(max-width: 775px) 100vw, 775px\" \/><\/a><\/p>\n<p>Y el domingo, al ser el \u00faltimo del mes, ya sab\u00e9is que coinciden dos citas de las m\u00e1s punteras del circuito de mercadillos artesanales de la capital. Uno es el <strong>Malagueta 4Market<\/strong>, que se celebra en el paseo mar\u00edtimo Ciudad de Melilla y el otro <strong>La Plaza Merced Market<\/strong>, en la c\u00e9ntrica plaza del mismo nombre, pero ambos han quedado pospuestos hasta el pr\u00f3ximo domingo 11 de febrero por la previsi\u00f3n meteorol\u00f3gica.<\/p>\n<p>\u00a1Buen fin de semana!<\/p>\n<p><a href=\"https:\/\/static-blogs.diariosur.es\/wp-content\/uploads\/sites\/19\/2018\/01\/plazamm.jpg\"><img loading=\"lazy\" class=\"alignnone size-full wp-image-4499\" src=\"https:\/\/static-blogs.diariosur.es\/wp-content\/uploads\/sites\/19\/2018\/01\/plazamm.jpg\" alt=\"plazamm\" width=\"720\" height=\"960\" srcset=\"https:\/\/static-blogs.diariosur.es\/wp-content\/uploads\/sites\/19\/2018\/01\/plazamm.jpg 720w, https:\/\/static-blogs.diariosur.es\/wp-content\/uploads\/sites\/19\/2018\/01\/plazamm-225x300.jpg 225w\" sizes=\"(max-width: 720px) 100vw, 720px\" \/><\/a><\/p>\n","protected":false},"excerpt":{"rendered":"<p>\u00a1Por fin jueves! Y fieles a la tradici\u00f3n una semana m\u00e1s os contamos qu\u00e9 citas con la artesan\u00eda local podemos disfrutar este &#8216;finde&#8217; en M\u00e1laga. Para empezar, en La Temporal organizan este viernes y el s\u00e1bado una pop up centrada en bodas, as\u00ed que si ten\u00e9is previsto casaros esta propuestas os puede venir m\u00e1s que [&hellip;]<\/p>\n","protected":false},"author":24,"featured_media":0,"comment_status":"open","ping_status":"open","sticky":false,"template":"","format":"standard","meta":[],"categories":[4,6],"tags":[1584,1902,2064,2337,4140,4141,4142],"_links":{"self":[{"href":"https:\/\/blogs.diariosur.es\/-que-le-compro-\/wp-json\/wp\/v2\/posts\/4498"}],"collection":[{"href":"https:\/\/blogs.diariosur.es\/-que-le-compro-\/wp-json\/wp\/v2\/posts"}],"about":[{"href":"https:\/\/blogs.diariosur.es\/-que-le-compro-\/wp-json\/wp\/v2\/types\/post"}],"author":[{"embeddable":true,"href":"https:\/\/blogs.diariosur.es\/-que-le-compro-\/wp-json\/wp\/v2\/users\/24"}],"replies":[{"embeddable":true,"href":"https:\/\/blogs.diariosur.es\/-que-le-compro-\/wp-json\/wp\/v2\/comments?post=4498"}],"version-history":[{"count":3,"href":"https:\/\/blogs.diariosur.es\/-que-le-compro-\/wp-json\/wp\/v2\/posts\/4498\/revisions"}],"predecessor-version":[{"id":4504,"href":"https:\/\/blogs.diariosur.es\/-que-le-compro-\/wp-json\/wp\/v2\/posts\/4498\/revisions\/4504"}],"wp:attachment":[{"href":"https:\/\/blogs.diariosur.es\/-que-le-compro-\/wp-json\/wp\/v2\/media?parent=4498"}],"wp:term":[{"taxonomy":"category","embeddable":true,"href":"https:\/\/blogs.diariosur.es\/-que-le-compro-\/wp-json\/wp\/v2\/categories?post=4498"},{"taxonomy":"post_tag","embeddable":true,"href":"https:\/\/blogs.diariosur.es\/-que-le-compro-\/wp-json\/wp\/v2\/tags?post=4498"}],"curies":[{"name":"wp","href":"https:\/\/api.w.org\/{rel}","templated":true}]}}