{"id":4569,"date":"2018-03-08T16:37:55","date_gmt":"2018-03-08T15:37:55","guid":{"rendered":"http:\/\/blogs.diariosur.es\/-que-le-compro-\/?p=4569"},"modified":"2018-03-08T16:37:55","modified_gmt":"2018-03-08T15:37:55","slug":"mercados-quesos-malaga-marzo","status":"publish","type":"post","link":"https:\/\/blogs.diariosur.es\/-que-le-compro-\/2018\/03\/08\/mercados-quesos-malaga-marzo\/","title":{"rendered":"Outlet, quesos y m\u00e1s en los mercadillos"},"content":{"rendered":"<p>Si la lluvia no lo impide, el fin de semana ofrece una agenda de mercadillos con muy buena pinta. Y adem\u00e1s repartida. Para empezar, Torremolinos celebra hasta el domingo su III Mercadillo de Productos Andaluces, que abrir\u00e1 diariamente de 11 a 21 horas. La visita a los stands es gratuita, y en ellos habr\u00e1 degustaci\u00f3n de los productos a la venta, as\u00ed como la adquisici\u00f3n y consumici\u00f3n en un patio de comidas, dotado con mesas y sillas, de raciones de las especialidades que se comercializan.<\/p>\n<p>Este jueves arranca el &#8216;Outlet y Promociones Fuengirola&#8217;, que se desarrollar\u00e1 hasta el s\u00e1bado en Fuengirola y que contar\u00e1 con la participaci\u00f3n de 47 establecimientos con distinta actividad comercial.<\/p>\n<p>El viernes, dos citas en M\u00e1laga capital. Una es la pop up de La Temporal, que de 12 a 21 horas exhibir\u00e1, igual que el s\u00e1bado, los dise\u00f1os de novia vintage de la firma barcelonesa Immacl\u00e9.<\/p>\n<p><a href=\"https:\/\/static-blogs.diariosur.es\/wp-content\/uploads\/sites\/19\/2018\/03\/termica.jpg\"><img loading=\"lazy\" class=\"alignnone size-full wp-image-4570\" src=\"https:\/\/static-blogs.diariosur.es\/wp-content\/uploads\/sites\/19\/2018\/03\/termica.jpg\" alt=\"termica\" width=\"800\" height=\"533\" srcset=\"https:\/\/static-blogs.diariosur.es\/wp-content\/uploads\/sites\/19\/2018\/03\/termica.jpg 800w, https:\/\/static-blogs.diariosur.es\/wp-content\/uploads\/sites\/19\/2018\/03\/termica-300x200.jpg 300w, https:\/\/static-blogs.diariosur.es\/wp-content\/uploads\/sites\/19\/2018\/03\/termica-768x512.jpg 768w\" sizes=\"(max-width: 800px) 100vw, 800px\" \/><\/a><\/p>\n<p>Y por la tarde, a partir de las 19 horas, vuelve el Rastro Cultural de La T\u00e9rmica, que reunir\u00e1 a m\u00e1s de 50 stands en los jardines (si lloviera, se har\u00eda en el interior del inmueble) de este edificio de la Diputaci\u00f3n de la Avenida de los Guindos. Entre las novedades encontramos con dise\u00f1adores malague\u00f1os, ilustraci\u00f3n, una selecci\u00f3n de ropa de firmas vintage, complementos, decoraci\u00f3n, c\u00e1maras anal\u00f3gicas y fotograf\u00edas antiguas, discos de vinilo, objetos de coleccionismo y juguetes de \u00e9poca, entre otras muchas cosas en m\u00e1s de 50 stands.<\/p>\n<p>Adem\u00e1s, habr\u00e1 foodtrucks: Malaespina, con molletes y comida tradicional malague\u00f1a y opciones sin gluten), M87 con su oferta de comida uruguaya, BF Foodtruck, con una caravana pin-up con hamburguesas. Como es habitual, el viernes y el s\u00e1bado se celebrar\u00e1 en la plaza de la Uni\u00f3n Europea el mercadillo artesanal promovido por la asociaci\u00f3n Atenea de 10 a 18 horas.<\/p>\n<p><a href=\"https:\/\/static-blogs.diariosur.es\/wp-content\/uploads\/sites\/19\/2018\/03\/quesos2.jpg\"><img loading=\"lazy\" class=\"alignnone size-large wp-image-4571\" src=\"https:\/\/static-blogs.diariosur.es\/wp-content\/uploads\/sites\/19\/2018\/03\/quesos2-683x1024.jpg\" alt=\"DOCU_SUR\" width=\"683\" height=\"1024\" srcset=\"https:\/\/static-blogs.diariosur.es\/wp-content\/uploads\/sites\/19\/2018\/03\/quesos2-683x1024.jpg 683w, https:\/\/static-blogs.diariosur.es\/wp-content\/uploads\/sites\/19\/2018\/03\/quesos2-200x300.jpg 200w, https:\/\/static-blogs.diariosur.es\/wp-content\/uploads\/sites\/19\/2018\/03\/quesos2-768x1152.jpg 768w\" sizes=\"(max-width: 683px) 100vw, 683px\" \/><\/a><\/p>\n<p>El s\u00e1bado y el domingo los amantes del queso tienen una cita en \u00c1lora, que acoger\u00e1 un mercado de quesos andaluces en la Sala de Exposiciones La Cancula; donde se reunir\u00e1n 13 queser\u00edas procedentes de toda la regi\u00f3n y que ofrecer\u00e1 un programa de actividades.<\/p>\n<p>El domingo, tambi\u00e9n se podr\u00e1 disfrutar del queso en el Mercado de Queso Artesano de Cabra Malague\u00f1a y Vino de la Axarqu\u00eda, que se celebrar\u00e1 en el Paseo de Lario sde Torre del Mar de 10.30 a 18.30 horas. Para completar, el domingo habr\u00e1 Zoco en Muelle Uno.<\/p>\n<p>\u00a1Buen fin de semana!<\/p>\n","protected":false},"excerpt":{"rendered":"<p>Si la lluvia no lo impide, el fin de semana ofrece una agenda de mercadillos con muy buena pinta. Y adem\u00e1s repartida. Para empezar, Torremolinos celebra hasta el domingo su III Mercadillo de Productos Andaluces, que abrir\u00e1 diariamente de 11 a 21 horas. La visita a los stands es gratuita, y en ellos habr\u00e1 degustaci\u00f3n [&hellip;]<\/p>\n","protected":false},"author":24,"featured_media":0,"comment_status":"open","ping_status":"open","sticky":false,"template":"","format":"standard","meta":[],"categories":[3,4],"tags":[4166,4169,1914,4168,4167,4165,4142,3968],"_links":{"self":[{"href":"https:\/\/blogs.diariosur.es\/-que-le-compro-\/wp-json\/wp\/v2\/posts\/4569"}],"collection":[{"href":"https:\/\/blogs.diariosur.es\/-que-le-compro-\/wp-json\/wp\/v2\/posts"}],"about":[{"href":"https:\/\/blogs.diariosur.es\/-que-le-compro-\/wp-json\/wp\/v2\/types\/post"}],"author":[{"embeddable":true,"href":"https:\/\/blogs.diariosur.es\/-que-le-compro-\/wp-json\/wp\/v2\/users\/24"}],"replies":[{"embeddable":true,"href":"https:\/\/blogs.diariosur.es\/-que-le-compro-\/wp-json\/wp\/v2\/comments?post=4569"}],"version-history":[{"count":1,"href":"https:\/\/blogs.diariosur.es\/-que-le-compro-\/wp-json\/wp\/v2\/posts\/4569\/revisions"}],"predecessor-version":[{"id":4572,"href":"https:\/\/blogs.diariosur.es\/-que-le-compro-\/wp-json\/wp\/v2\/posts\/4569\/revisions\/4572"}],"wp:attachment":[{"href":"https:\/\/blogs.diariosur.es\/-que-le-compro-\/wp-json\/wp\/v2\/media?parent=4569"}],"wp:term":[{"taxonomy":"category","embeddable":true,"href":"https:\/\/blogs.diariosur.es\/-que-le-compro-\/wp-json\/wp\/v2\/categories?post=4569"},{"taxonomy":"post_tag","embeddable":true,"href":"https:\/\/blogs.diariosur.es\/-que-le-compro-\/wp-json\/wp\/v2\/tags?post=4569"}],"curies":[{"name":"wp","href":"https:\/\/api.w.org\/{rel}","templated":true}]}}