{"id":4643,"date":"2018-04-24T15:57:55","date_gmt":"2018-04-24T13:57:55","guid":{"rendered":"http:\/\/blogs.diariosur.es\/-que-le-compro-\/?p=4643"},"modified":"2018-04-24T15:58:19","modified_gmt":"2018-04-24T13:58:19","slug":"vialia-moda-flamenca","status":"publish","type":"post","link":"https:\/\/blogs.diariosur.es\/-que-le-compro-\/2018\/04\/24\/vialia-moda-flamenca\/","title":{"rendered":"Vialia se pone flamenca"},"content":{"rendered":"<p>El centro comercial <strong>Vialia M\u00e1laga<\/strong> vuelve a ponerse flamenca. Hasta el pr\u00f3ximo domingo 29 de abril alberga una exposici\u00f3n con trajes de faralaes, expuestos en la galer\u00eda del espacio.<\/p>\n<p>Adem\u00e1s, como en los dos a\u00f1os anteriores, organiza desfiles en los que dise\u00f1adoras malague\u00f1as exhibir\u00e1n las \u00faltimas tendencias en complementos, cortes, estampados, lunares, flecos, volantes y las diferentes formas de lucir trajes de corto y de flamenca.<br \/>\nLos pases de<strong> &#8216;Moda flamenca&#8217;<\/strong> ser\u00e1n el s\u00e1bado 28 y el domingo 29 a las seis de la tarde, en la planta baja frente a Cortefiel.<br \/>\nAdem\u00e1s, entre todos los clientes que se descarguen la App de sete centro comercial y presenten en el Punto de Atenci\u00f3n al Cliente un ticket de compra por valor igual o superior a\u00a0 seis, entrar\u00e1n en el <strong>sorteo de un traje de flamenca<\/strong> dise\u00f1ado y confeccionado por Merkatelas, empresa colaboradora de este evento.\u00a0 \u00a1Avisad@s qued\u00e1is!<\/p>\n<div id=\"attachment_4644\" style=\"width: 699px\" class=\"wp-caption alignnone\"><a href=\"https:\/\/static-blogs.diariosur.es\/wp-content\/uploads\/sites\/19\/2018\/04\/vialiaflamenca.jpg\"><img aria-describedby=\"caption-attachment-4644\" loading=\"lazy\" class=\"size-full wp-image-4644\" src=\"https:\/\/static-blogs.diariosur.es\/wp-content\/uploads\/sites\/19\/2018\/04\/vialiaflamenca.jpg\" alt=\"Cartel de las jornadas de moda flamenca en Vialia\" width=\"689\" height=\"692\" srcset=\"https:\/\/static-blogs.diariosur.es\/wp-content\/uploads\/sites\/19\/2018\/04\/vialiaflamenca.jpg 689w, https:\/\/static-blogs.diariosur.es\/wp-content\/uploads\/sites\/19\/2018\/04\/vialiaflamenca-150x150.jpg 150w, https:\/\/static-blogs.diariosur.es\/wp-content\/uploads\/sites\/19\/2018\/04\/vialiaflamenca-300x300.jpg 300w\" sizes=\"(max-width: 689px) 100vw, 689px\" \/><\/a><p id=\"caption-attachment-4644\" class=\"wp-caption-text\">Cartel de las jornadas de moda flamenca en Vialia<\/p><\/div>\n","protected":false},"excerpt":{"rendered":"<p>El centro comercial Vialia M\u00e1laga vuelve a ponerse flamenca. Hasta el pr\u00f3ximo domingo 29 de abril alberga una exposici\u00f3n con trajes de faralaes, expuestos en la galer\u00eda del espacio. Adem\u00e1s, como en los dos a\u00f1os anteriores, organiza desfiles en los que dise\u00f1adoras malague\u00f1as exhibir\u00e1n las \u00faltimas tendencias en complementos, cortes, estampados, lunares, flecos, volantes y [&hellip;]<\/p>\n","protected":false},"author":24,"featured_media":0,"comment_status":"open","ping_status":"open","sticky":false,"template":"","format":"standard","meta":[],"categories":[2],"tags":[4197,4198,2503,3877],"_links":{"self":[{"href":"https:\/\/blogs.diariosur.es\/-que-le-compro-\/wp-json\/wp\/v2\/posts\/4643"}],"collection":[{"href":"https:\/\/blogs.diariosur.es\/-que-le-compro-\/wp-json\/wp\/v2\/posts"}],"about":[{"href":"https:\/\/blogs.diariosur.es\/-que-le-compro-\/wp-json\/wp\/v2\/types\/post"}],"author":[{"embeddable":true,"href":"https:\/\/blogs.diariosur.es\/-que-le-compro-\/wp-json\/wp\/v2\/users\/24"}],"replies":[{"embeddable":true,"href":"https:\/\/blogs.diariosur.es\/-que-le-compro-\/wp-json\/wp\/v2\/comments?post=4643"}],"version-history":[{"count":2,"href":"https:\/\/blogs.diariosur.es\/-que-le-compro-\/wp-json\/wp\/v2\/posts\/4643\/revisions"}],"predecessor-version":[{"id":4646,"href":"https:\/\/blogs.diariosur.es\/-que-le-compro-\/wp-json\/wp\/v2\/posts\/4643\/revisions\/4646"}],"wp:attachment":[{"href":"https:\/\/blogs.diariosur.es\/-que-le-compro-\/wp-json\/wp\/v2\/media?parent=4643"}],"wp:term":[{"taxonomy":"category","embeddable":true,"href":"https:\/\/blogs.diariosur.es\/-que-le-compro-\/wp-json\/wp\/v2\/categories?post=4643"},{"taxonomy":"post_tag","embeddable":true,"href":"https:\/\/blogs.diariosur.es\/-que-le-compro-\/wp-json\/wp\/v2\/tags?post=4643"}],"curies":[{"name":"wp","href":"https:\/\/api.w.org\/{rel}","templated":true}]}}